{"id":2965,"date":"2025-11-19T14:01:20","date_gmt":"2025-11-19T13:01:20","guid":{"rendered":"https:\/\/blogsaverroes.juntadeandalucia.es\/ceiphispalis\/?p=2965"},"modified":"2025-11-19T14:01:20","modified_gmt":"2025-11-19T13:01:20","slug":"dia-internacional-del-flamenco-2","status":"publish","type":"post","link":"https:\/\/blogsaverroes.juntadeandalucia.es\/ceiphispalis\/dia-internacional-del-flamenco-2\/","title":{"rendered":"D\u00eda Internacional del Flamenco"},"content":{"rendered":"<p><span style=\"font-family: 'comic sans ms', sans-serif;font-size: 14pt\">\u00a1As\u00ed vivimos el D\u00eda Internacional del Flamenco en el CEIP H\u00edspalis!&nbsp;<img decoding=\"async\" class=\"an1\" src=\"https:\/\/fonts.gstatic.com\/s\/e\/notoemoji\/16.0\/1f483\/32.png\" alt=\"\ud83d\udc83\" data-emoji=\"\ud83d\udc83\" aria-label=\"\ud83d\udc83\"><img decoding=\"async\" class=\"an1\" src=\"https:\/\/fonts.gstatic.com\/s\/e\/notoemoji\/16.0\/1f525\/32.png\" alt=\"\ud83d\udd25\" data-emoji=\"\ud83d\udd25\" aria-label=\"\ud83d\udd25\"><\/span><\/p>\n<div dir=\"auto\"><span style=\"font-family: 'comic sans ms', sans-serif;font-size: 14pt\">Una jornada llena de arte, ritmo y entusiasmo donde nuestro alumnado disfrut\u00f3 de talleres, baile, palmas y momentos que nos conectan con nuestras ra\u00edces.<\/span><\/div>\n<div dir=\"auto\"><span style=\"font-family: 'comic sans ms', sans-serif;font-size: 14pt\">Celebramos el flamenco como lo que es: un patrimonio vivo que emociona, une y nos hace sentir orgullosos de nuestra cultura.<\/span><\/div>\n<div dir=\"auto\">&nbsp;<\/div>\n<div dir=\"auto\"><span style=\"font-family: 'comic sans ms', sans-serif;font-size: 14pt\">\u00a1Ol\u00e9 por nuestro alumnado y por todo el profesorado que se volc\u00f3 para que este d\u00eda fuera inolvidable!&nbsp;<img decoding=\"async\" class=\"an1\" src=\"https:\/\/fonts.gstatic.com\/s\/e\/notoemoji\/16.0\/1f3b6\/32.png\" alt=\"\ud83c\udfb6\" data-emoji=\"\ud83c\udfb6\" aria-label=\"\ud83c\udfb6\"><img decoding=\"async\" class=\"an1\" src=\"https:\/\/fonts.gstatic.com\/s\/e\/notoemoji\/16.0\/2728\/32.png\" alt=\"\u2728\" data-emoji=\"\u2728\" aria-label=\"\u2728\"><\/span><\/div>\n<div dir=\"auto\"><span style=\"font-family: 'comic sans ms', sans-serif;font-size: 14pt\">Gracias a toda la comunidad educativa por su entrega y participaci\u00f3n.<\/span><\/div>\n<div dir=\"auto\">&nbsp;<\/div>\n<div dir=\"auto\"><span style=\"font-family: 'comic sans ms', sans-serif;font-size: 14pt\">#D\u00edaInternacionalDelFlamenco #CEIPH\u00edspalis #FlamencoEnLaEscuela #CulturaAndaluza #ArteYTradici\u00f3n&nbsp; &nbsp;<\/span><\/div>\n<div dir=\"auto\">&nbsp;<\/div>\n<div dir=\"auto\">\n<div style=\"width: 1080px;\" class=\"wp-video\"><!--[if lt IE 9]><script>document.createElement('video');<\/script><![endif]-->\n<video class=\"wp-video-shortcode\" id=\"video-2965-1\" width=\"1080\" height=\"1920\" preload=\"metadata\" controls=\"controls\"><source type=\"video\/mp4\" src=\"https:\/\/blogsaverroes.juntadeandalucia.es\/ceiphispalis\/files\/2025\/11\/2025-11-19-133401776.mp4?_=1\" \/><a href=\"https:\/\/blogsaverroes.juntadeandalucia.es\/ceiphispalis\/files\/2025\/11\/2025-11-19-133401776.mp4\">https:\/\/blogsaverroes.juntadeandalucia.es\/ceiphispalis\/files\/2025\/11\/2025-11-19-133401776.mp4<\/a><\/video><\/div>\n<\/div>\n","protected":false},"excerpt":{"rendered":"<p>\u00a1As\u00ed vivimos el D\u00eda Internacional del Flamenco en el CEIP H\u00edspalis!&nbsp; Una jornada llena de arte, ritmo y entusiasmo donde nuestro alumnado disfrut\u00f3 de talleres, baile, palmas y momentos que nos conectan con nuestras ra\u00edces. Celebramos el flamenco como lo que es: un patrimonio vivo que emociona, une y nos hace sentir orgullosos de nuestra [&hellip;]<\/p>\n","protected":false},"author":4831,"featured_media":0,"comment_status":"closed","ping_status":"open","sticky":false,"template":"","format":"standard","meta":{"_et_pb_use_builder":"","_et_pb_old_content":"","_et_gb_content_width":"","ngg_post_thumbnail":0,"footnotes":""},"categories":[3,4],"tags":[],"aioseo_notices":[],"_links":{"self":[{"href":"https:\/\/blogsaverroes.juntadeandalucia.es\/ceiphispalis\/wp-json\/wp\/v2\/posts\/2965"}],"collection":[{"href":"https:\/\/blogsaverroes.juntadeandalucia.es\/ceiphispalis\/wp-json\/wp\/v2\/posts"}],"about":[{"href":"https:\/\/blogsaverroes.juntadeandalucia.es\/ceiphispalis\/wp-json\/wp\/v2\/types\/post"}],"author":[{"embeddable":true,"href":"https:\/\/blogsaverroes.juntadeandalucia.es\/ceiphispalis\/wp-json\/wp\/v2\/users\/4831"}],"replies":[{"embeddable":true,"href":"https:\/\/blogsaverroes.juntadeandalucia.es\/ceiphispalis\/wp-json\/wp\/v2\/comments?post=2965"}],"version-history":[{"count":1,"href":"https:\/\/blogsaverroes.juntadeandalucia.es\/ceiphispalis\/wp-json\/wp\/v2\/posts\/2965\/revisions"}],"predecessor-version":[{"id":2967,"href":"https:\/\/blogsaverroes.juntadeandalucia.es\/ceiphispalis\/wp-json\/wp\/v2\/posts\/2965\/revisions\/2967"}],"wp:attachment":[{"href":"https:\/\/blogsaverroes.juntadeandalucia.es\/ceiphispalis\/wp-json\/wp\/v2\/media?parent=2965"}],"wp:term":[{"taxonomy":"category","embeddable":true,"href":"https:\/\/blogsaverroes.juntadeandalucia.es\/ceiphispalis\/wp-json\/wp\/v2\/categories?post=2965"},{"taxonomy":"post_tag","embeddable":true,"href":"https:\/\/blogsaverroes.juntadeandalucia.es\/ceiphispalis\/wp-json\/wp\/v2\/tags?post=2965"}],"curies":[{"name":"wp","href":"https:\/\/api.w.org\/{rel}","templated":true}]}}