{"id":1140,"date":"2020-12-22T13:50:21","date_gmt":"2020-12-22T12:50:21","guid":{"rendered":"https:\/\/blogsaverroes.juntadeandalucia.es\/ceipignaciohalcon\/?p=1140"},"modified":"2020-12-22T13:50:21","modified_gmt":"2020-12-22T12:50:21","slug":"villancicos-navidad-2020","status":"publish","type":"post","link":"https:\/\/blogsaverroes.juntadeandalucia.es\/ceipignaciohalcon\/villancicos-navidad-2020\/","title":{"rendered":"Villancicos Navidad 2020"},"content":{"rendered":"<p style=\"text-align: left\">Todos sabemos que es un a\u00f1o especial, que no podemos disfrutar de las actividades tradicionales de nuestro Centro. Este a\u00f1o no podemos ir a San Francisco a celebrar el Concierto de Navidad. A\u00fan as\u00ed, nuestros ni\u00f1os\/as han preparado sus villancicos, como cada a\u00f1o, y aunque sabemos que no sustituir\u00e1 la ilusi\u00f3n del concierto, esta es una forma de trasmitir que seguimos aqu\u00ed, en el cole, realizando juntos una de las actividades que m\u00e1s nos gustan:<span style=\"color: #800000\"><strong> CANTAR CON NUESTROS COMPA\u00d1EROS\/AS<\/strong>.<\/span><\/p>\n<p style=\"text-align: left\">Aqu\u00ed ten\u00e9is nuestros villancicos de la Navidad 2020. <a href=\"https:\/\/blogsaverroes.juntadeandalucia.es\/ceipignaciohalcon\/villancicos-navidad-2020\/postal-concierto-decoracion-musical-navidad-1\/\" rel=\"attachment wp-att-1147\"><img loading=\"lazy\" decoding=\"async\" class=\"alignnone size-large wp-image-1147\" src=\"https:\/\/blogsaverroes.juntadeandalucia.es\/ceipignaciohalcon\/files\/2020\/12\/Postal-Concierto-Decoracio\u0301n-Musical-Navidad-1-1024x727.jpg\" alt=\"\" width=\"1024\" height=\"727\" srcset=\"https:\/\/blogsaverroes.juntadeandalucia.es\/ceipignaciohalcon\/files\/2020\/12\/Postal-Concierto-Decoracio\u0301n-Musical-Navidad-1-1024x727.jpg 1024w, https:\/\/blogsaverroes.juntadeandalucia.es\/ceipignaciohalcon\/files\/2020\/12\/Postal-Concierto-Decoracio\u0301n-Musical-Navidad-1-300x213.jpg 300w, https:\/\/blogsaverroes.juntadeandalucia.es\/ceipignaciohalcon\/files\/2020\/12\/Postal-Concierto-Decoracio\u0301n-Musical-Navidad-1-768x545.jpg 768w, https:\/\/blogsaverroes.juntadeandalucia.es\/ceipignaciohalcon\/files\/2020\/12\/Postal-Concierto-Decoracio\u0301n-Musical-Navidad-1-1536x1090.jpg 1536w, https:\/\/blogsaverroes.juntadeandalucia.es\/ceipignaciohalcon\/files\/2020\/12\/Postal-Concierto-Decoracio\u0301n-Musical-Navidad-1-24x17.jpg 24w, https:\/\/blogsaverroes.juntadeandalucia.es\/ceipignaciohalcon\/files\/2020\/12\/Postal-Concierto-Decoracio\u0301n-Musical-Navidad-1-36x26.jpg 36w, https:\/\/blogsaverroes.juntadeandalucia.es\/ceipignaciohalcon\/files\/2020\/12\/Postal-Concierto-Decoracio\u0301n-Musical-Navidad-1-48x34.jpg 48w, https:\/\/blogsaverroes.juntadeandalucia.es\/ceipignaciohalcon\/files\/2020\/12\/Postal-Concierto-Decoracio\u0301n-Musical-Navidad-1.jpg 1747w\" sizes=\"(max-width: 1024px) 100vw, 1024px\" \/><\/a><\/p>\n<p><iframe loading=\"lazy\" title=\"Villancico 3 a\u00f1os\" width=\"500\" height=\"281\" src=\"https:\/\/www.youtube.com\/embed\/org4tE_JSxY?feature=oembed&#038;wmode=opaque\" frameborder=\"0\" allow=\"accelerometer; autoplay; clipboard-write; encrypted-media; gyroscope; picture-in-picture\" allowfullscreen><\/iframe><\/p>\n<p><iframe loading=\"lazy\" title=\"Villancico 4 a\u00f1os\" width=\"500\" height=\"281\" src=\"https:\/\/www.youtube.com\/embed\/IPmXxsvfb-M?feature=oembed&#038;wmode=opaque\" frameborder=\"0\" allow=\"accelerometer; autoplay; clipboard-write; encrypted-media; gyroscope; picture-in-picture\" allowfullscreen><\/iframe><\/p>\n<p><iframe loading=\"lazy\" title=\"Villancico 5 a\u00f1os\" width=\"500\" height=\"281\" src=\"https:\/\/www.youtube.com\/embed\/4DPz_XTRUqk?feature=oembed&#038;wmode=opaque\" frameborder=\"0\" allow=\"accelerometer; autoplay; clipboard-write; encrypted-media; gyroscope; picture-in-picture\" allowfullscreen><\/iframe><\/p>\n<p><iframe loading=\"lazy\" title=\"Villancico 1\u00ba Primaria\" width=\"500\" height=\"281\" src=\"https:\/\/www.youtube.com\/embed\/dgXCjKDO2LE?feature=oembed&#038;wmode=opaque\" frameborder=\"0\" allow=\"accelerometer; autoplay; clipboard-write; encrypted-media; gyroscope; picture-in-picture\" allowfullscreen><\/iframe><\/p>\n<p><iframe loading=\"lazy\" title=\"Carol Snowflake1\u00ba\" width=\"500\" height=\"281\" src=\"https:\/\/www.youtube.com\/embed\/Grfdq1sv3TA?feature=oembed&#038;wmode=opaque\" frameborder=\"0\" allow=\"accelerometer; autoplay; clipboard-write; encrypted-media; gyroscope; picture-in-picture\" allowfullscreen><\/iframe><\/p>\n<p><iframe loading=\"lazy\" title=\"Villancico 2\u00ba Primaria\" width=\"500\" height=\"281\" src=\"https:\/\/www.youtube.com\/embed\/nea3rk6BHk4?feature=oembed&#038;wmode=opaque\" frameborder=\"0\" allow=\"accelerometer; autoplay; clipboard-write; encrypted-media; gyroscope; picture-in-picture\" allowfullscreen><\/iframe><\/p>\n<p><iframe loading=\"lazy\" title=\"Carol 2\u00ba Snowflake\" width=\"500\" height=\"281\" src=\"https:\/\/www.youtube.com\/embed\/tO7gw1aeW8Q?feature=oembed&#038;wmode=opaque\" frameborder=\"0\" allow=\"accelerometer; autoplay; clipboard-write; encrypted-media; gyroscope; picture-in-picture\" allowfullscreen><\/iframe><\/p>\n<p><iframe loading=\"lazy\" title=\"Villancico 3\u00ba Primaria\" width=\"500\" height=\"281\" src=\"https:\/\/www.youtube.com\/embed\/wCP24r6NHTo?feature=oembed&#038;wmode=opaque\" frameborder=\"0\" allow=\"accelerometer; autoplay; clipboard-write; encrypted-media; gyroscope; picture-in-picture\" allowfullscreen><\/iframe><\/p>\n<p><iframe loading=\"lazy\" title=\"Carol 3\u00ba O Christmas tree\" width=\"500\" height=\"281\" src=\"https:\/\/www.youtube.com\/embed\/yGOFXZeoMkY?feature=oembed&#038;wmode=opaque\" frameborder=\"0\" allow=\"accelerometer; autoplay; clipboard-write; encrypted-media; gyroscope; picture-in-picture\" allowfullscreen><\/iframe><\/p>\n<p><iframe loading=\"lazy\" title=\"Villancico 4\u00ba Primaria\" width=\"500\" height=\"281\" src=\"https:\/\/www.youtube.com\/embed\/wntRd602UYU?feature=oembed&#038;wmode=opaque\" frameborder=\"0\" allow=\"accelerometer; autoplay; clipboard-write; encrypted-media; gyroscope; picture-in-picture\" allowfullscreen><\/iframe><\/p>\n<p><iframe loading=\"lazy\" title=\"Carol  4\u00ba O Christmas tree\" width=\"500\" height=\"281\" src=\"https:\/\/www.youtube.com\/embed\/ky7vlwvruyA?feature=oembed&#038;wmode=opaque\" frameborder=\"0\" allow=\"accelerometer; autoplay; clipboard-write; encrypted-media; gyroscope; picture-in-picture\" allowfullscreen><\/iframe><\/p>\n<p><iframe loading=\"lazy\" src=\"\/\/www.youtube.com\/embed\/TeKTYQRNB74\" width=\"1200\" height=\"673\"><\/iframe><\/p>\n<p>&nbsp;<\/p>\n<p><iframe loading=\"lazy\" title=\"Carol 5\u00ba Have yourself a merry little Christmas\" width=\"500\" height=\"281\" src=\"https:\/\/www.youtube.com\/embed\/loo04ubvY0o?feature=oembed&#038;wmode=opaque\" frameborder=\"0\" allow=\"accelerometer; autoplay; clipboard-write; encrypted-media; gyroscope; picture-in-picture\" allowfullscreen><\/iframe><\/p>\n<p><iframe loading=\"lazy\" title=\"Villancico 6\u00ba Primaria\" width=\"500\" height=\"281\" src=\"https:\/\/www.youtube.com\/embed\/Y18y_ighpuM?feature=oembed&#038;wmode=opaque\" frameborder=\"0\" allow=\"accelerometer; autoplay; clipboard-write; encrypted-media; gyroscope; picture-in-picture\" allowfullscreen><\/iframe><\/p>\n<p><iframe loading=\"lazy\" title=\"Carol 6\u00ba Have yourself a merry little Christmas\" width=\"500\" height=\"281\" src=\"https:\/\/www.youtube.com\/embed\/Le5zewSSIVk?feature=oembed&#038;wmode=opaque\" frameborder=\"0\" allow=\"accelerometer; autoplay; clipboard-write; encrypted-media; gyroscope; picture-in-picture\" allowfullscreen><\/iframe><\/p>\n<p><a href=\"https:\/\/blogsaverroes.juntadeandalucia.es\/ceipignaciohalcon\/villancicos-navidad-2020\/mensaje-de-feliz-navidad-con-ilustracion-de-pinos-naviden%cc%83os-y-con-fondo-azul-etiqueta\/\" rel=\"attachment wp-att-1150\"><img loading=\"lazy\" decoding=\"async\" class=\"alignnone size-full wp-image-1150\" src=\"https:\/\/blogsaverroes.juntadeandalucia.es\/ceipignaciohalcon\/files\/2020\/12\/Mensaje-de-Feliz-Navidad-con-ilustracio\u0301n-de-pinos-naviden\u0303os-y-con-fondo-azul-Etiqueta.jpg\" alt=\"\" width=\"1004\" height=\"591\" srcset=\"https:\/\/blogsaverroes.juntadeandalucia.es\/ceipignaciohalcon\/files\/2020\/12\/Mensaje-de-Feliz-Navidad-con-ilustracio\u0301n-de-pinos-naviden\u0303os-y-con-fondo-azul-Etiqueta.jpg 1004w, https:\/\/blogsaverroes.juntadeandalucia.es\/ceipignaciohalcon\/files\/2020\/12\/Mensaje-de-Feliz-Navidad-con-ilustracio\u0301n-de-pinos-naviden\u0303os-y-con-fondo-azul-Etiqueta-300x177.jpg 300w, https:\/\/blogsaverroes.juntadeandalucia.es\/ceipignaciohalcon\/files\/2020\/12\/Mensaje-de-Feliz-Navidad-con-ilustracio\u0301n-de-pinos-naviden\u0303os-y-con-fondo-azul-Etiqueta-768x452.jpg 768w, https:\/\/blogsaverroes.juntadeandalucia.es\/ceipignaciohalcon\/files\/2020\/12\/Mensaje-de-Feliz-Navidad-con-ilustracio\u0301n-de-pinos-naviden\u0303os-y-con-fondo-azul-Etiqueta-24x14.jpg 24w, https:\/\/blogsaverroes.juntadeandalucia.es\/ceipignaciohalcon\/files\/2020\/12\/Mensaje-de-Feliz-Navidad-con-ilustracio\u0301n-de-pinos-naviden\u0303os-y-con-fondo-azul-Etiqueta-36x21.jpg 36w, https:\/\/blogsaverroes.juntadeandalucia.es\/ceipignaciohalcon\/files\/2020\/12\/Mensaje-de-Feliz-Navidad-con-ilustracio\u0301n-de-pinos-naviden\u0303os-y-con-fondo-azul-Etiqueta-48x28.jpg 48w\" sizes=\"(max-width: 1004px) 100vw, 1004px\" \/><\/a><\/p>\n","protected":false},"excerpt":{"rendered":"<p>Todos sabemos que es un a\u00f1o especial, que no podemos disfrutar de las actividades tradicionales de nuestro Centro. Este a\u00f1o no podemos ir a San Francisco a celebrar el Concierto de Navidad. A\u00fan as\u00ed,&#46;&#46;&#46;<\/p>\n","protected":false},"author":7798,"featured_media":1150,"comment_status":"closed","ping_status":"closed","sticky":false,"template":"","format":"standard","meta":{"ngg_post_thumbnail":0,"footnotes":""},"categories":[1900976],"tags":[],"aioseo_notices":[],"_links":{"self":[{"href":"https:\/\/blogsaverroes.juntadeandalucia.es\/ceipignaciohalcon\/wp-json\/wp\/v2\/posts\/1140"}],"collection":[{"href":"https:\/\/blogsaverroes.juntadeandalucia.es\/ceipignaciohalcon\/wp-json\/wp\/v2\/posts"}],"about":[{"href":"https:\/\/blogsaverroes.juntadeandalucia.es\/ceipignaciohalcon\/wp-json\/wp\/v2\/types\/post"}],"author":[{"embeddable":true,"href":"https:\/\/blogsaverroes.juntadeandalucia.es\/ceipignaciohalcon\/wp-json\/wp\/v2\/users\/7798"}],"replies":[{"embeddable":true,"href":"https:\/\/blogsaverroes.juntadeandalucia.es\/ceipignaciohalcon\/wp-json\/wp\/v2\/comments?post=1140"}],"version-history":[{"count":11,"href":"https:\/\/blogsaverroes.juntadeandalucia.es\/ceipignaciohalcon\/wp-json\/wp\/v2\/posts\/1140\/revisions"}],"predecessor-version":[{"id":1157,"href":"https:\/\/blogsaverroes.juntadeandalucia.es\/ceipignaciohalcon\/wp-json\/wp\/v2\/posts\/1140\/revisions\/1157"}],"wp:featuredmedia":[{"embeddable":true,"href":"https:\/\/blogsaverroes.juntadeandalucia.es\/ceipignaciohalcon\/wp-json\/wp\/v2\/media\/1150"}],"wp:attachment":[{"href":"https:\/\/blogsaverroes.juntadeandalucia.es\/ceipignaciohalcon\/wp-json\/wp\/v2\/media?parent=1140"}],"wp:term":[{"taxonomy":"category","embeddable":true,"href":"https:\/\/blogsaverroes.juntadeandalucia.es\/ceipignaciohalcon\/wp-json\/wp\/v2\/categories?post=1140"},{"taxonomy":"post_tag","embeddable":true,"href":"https:\/\/blogsaverroes.juntadeandalucia.es\/ceipignaciohalcon\/wp-json\/wp\/v2\/tags?post=1140"}],"curies":[{"name":"wp","href":"https:\/\/api.w.org\/{rel}","templated":true}]}}