{"id":1192,"date":"2021-03-03T17:52:25","date_gmt":"2021-03-03T16:52:25","guid":{"rendered":"https:\/\/blogsaverroes.juntadeandalucia.es\/ceipignaciohalcon\/?p=1192"},"modified":"2021-03-06T23:37:49","modified_gmt":"2021-03-06T22:37:49","slug":"escolarizacion-2021-2022","status":"publish","type":"post","link":"https:\/\/blogsaverroes.juntadeandalucia.es\/ceipignaciohalcon\/escolarizacion-2021-2022\/","title":{"rendered":"ESCOLARIZACI\u00d3N 2021\/2022"},"content":{"rendered":"<p style=\"text-align: center\"><a href=\"https:\/\/blogsaverroes.juntadeandalucia.es\/ceipignaciohalcon\/escolarizacion-2021-2022\/escolarizacion-2\/\" rel=\"attachment wp-att-1193\"><img loading=\"lazy\" decoding=\"async\" class=\"alignnone size-full wp-image-1193\" src=\"https:\/\/blogsaverroes.juntadeandalucia.es\/ceipignaciohalcon\/files\/2021\/03\/ESCOLARIZACION.jpg\" alt=\"\" width=\"851\" height=\"315\" srcset=\"https:\/\/blogsaverroes.juntadeandalucia.es\/ceipignaciohalcon\/files\/2021\/03\/ESCOLARIZACION.jpg 851w, https:\/\/blogsaverroes.juntadeandalucia.es\/ceipignaciohalcon\/files\/2021\/03\/ESCOLARIZACION-300x111.jpg 300w, https:\/\/blogsaverroes.juntadeandalucia.es\/ceipignaciohalcon\/files\/2021\/03\/ESCOLARIZACION-768x284.jpg 768w\" sizes=\"(max-width: 851px) 100vw, 851px\" \/><\/a><\/p>\n<p>&nbsp; &nbsp; &nbsp; &nbsp; &nbsp; &nbsp; &nbsp; &nbsp; &nbsp; Como cada curso escolar comienza el periodo de admisi\u00f3n en los centro educativos andaluces. Os dejamos aqu\u00ed la informaci\u00f3n necesaria sobre el mismo.<\/p>\n<p><strong>PROCEDIMIENTO V\u00cdA DIGITAL<\/strong>: <a href=\"https:\/\/www.juntadeandalucia.es\/educacion\/secretariavirtual\/accesoTramite\/543\/\">https:\/\/www.juntadeandalucia.es\/educacion\/secretariavirtual\/accesoTramite\/543\/<\/a><\/p>\n<table style=\"border-collapse: collapse;width: 100%\">\n<tbody>\n<tr>\n<td style=\"width: 50%\"><a href=\"https:\/\/blogsaverroes.juntadeandalucia.es\/ceipignaciohalcon\/escolarizacion-2021-2022\/escolarizacion-ih-2021\/\" rel=\"attachment wp-att-1194\"><img loading=\"lazy\" decoding=\"async\" class=\"wp-image-1194 aligncenter\" src=\"https:\/\/blogsaverroes.juntadeandalucia.es\/ceipignaciohalcon\/files\/2021\/03\/escolarizacio\u0301n-IH-2021-724x1024.jpg\" alt=\"\" width=\"323\" height=\"456\" srcset=\"https:\/\/blogsaverroes.juntadeandalucia.es\/ceipignaciohalcon\/files\/2021\/03\/escolarizacio\u0301n-IH-2021-724x1024.jpg 724w, https:\/\/blogsaverroes.juntadeandalucia.es\/ceipignaciohalcon\/files\/2021\/03\/escolarizacio\u0301n-IH-2021-212x300.jpg 212w, https:\/\/blogsaverroes.juntadeandalucia.es\/ceipignaciohalcon\/files\/2021\/03\/escolarizacio\u0301n-IH-2021-768x1086.jpg 768w, https:\/\/blogsaverroes.juntadeandalucia.es\/ceipignaciohalcon\/files\/2021\/03\/escolarizacio\u0301n-IH-2021-1086x1536.jpg 1086w, https:\/\/blogsaverroes.juntadeandalucia.es\/ceipignaciohalcon\/files\/2021\/03\/escolarizacio\u0301n-IH-2021-1448x2048.jpg 1448w, https:\/\/blogsaverroes.juntadeandalucia.es\/ceipignaciohalcon\/files\/2021\/03\/escolarizacio\u0301n-IH-2021-scaled.jpg 1810w\" sizes=\"(max-width: 323px) 100vw, 323px\" \/><\/a><\/td>\n<td style=\"width: 50%;text-align: center\"><a href=\"https:\/\/www.juntadeandalucia.es\/educacion\/portals\/delegate\/content\/7e1d7b27-eaa4-42e7-bfa3-ac436db80ed6\/ANEXO%20III\"><span style=\"font-size: 18pt\"><strong>IMPRESO DE SOLICITUD<\/strong><\/span><\/a><\/p>\n<p>(Descargar el impreso para poder autorrellenar)<\/p>\n<p><span style=\"font-size: 18pt\"><strong><a href=\"https:\/\/blogsaverroes.juntadeandalucia.es\/ceipignaciohalcon\/files\/2021\/03\/calendario-escolarizacio\u0301n.pdf\">Calendario Escolarizacio\u0301n<\/a><\/strong><\/span><\/p>\n<p><a href=\"https:\/\/blogsaverroes.juntadeandalucia.es\/ceipignaciohalcon\/escolarizacion-2021-2022\/alumnado-6o-primaria\/\" rel=\"attachment wp-att-1195\"><img loading=\"lazy\" decoding=\"async\" class=\"alignnone size-full wp-image-1195\" src=\"https:\/\/blogsaverroes.juntadeandalucia.es\/ceipignaciohalcon\/files\/2021\/03\/Alumnado-6\u00ba-primaria.jpg\" alt=\"\" width=\"867\" height=\"615\" srcset=\"https:\/\/blogsaverroes.juntadeandalucia.es\/ceipignaciohalcon\/files\/2021\/03\/Alumnado-6\u00ba-primaria.jpg 867w, https:\/\/blogsaverroes.juntadeandalucia.es\/ceipignaciohalcon\/files\/2021\/03\/Alumnado-6\u00ba-primaria-300x213.jpg 300w, https:\/\/blogsaverroes.juntadeandalucia.es\/ceipignaciohalcon\/files\/2021\/03\/Alumnado-6\u00ba-primaria-768x545.jpg 768w\" sizes=\"(max-width: 867px) 100vw, 867px\" \/><\/a><\/td>\n<\/tr>\n<\/tbody>\n<\/table>\n<p style=\"text-align: center\"><img loading=\"lazy\" decoding=\"async\" class=\"alignnone size-large wp-image-1196\" src=\"https:\/\/blogsaverroes.juntadeandalucia.es\/ceipignaciohalcon\/files\/2021\/03\/CALENDARIO-ESCOLARIZACIO\u0301N-409x1024.jpg\" alt=\"\" width=\"409\" height=\"1024\" srcset=\"https:\/\/blogsaverroes.juntadeandalucia.es\/ceipignaciohalcon\/files\/2021\/03\/CALENDARIO-ESCOLARIZACIO\u0301N-409x1024.jpg 409w, https:\/\/blogsaverroes.juntadeandalucia.es\/ceipignaciohalcon\/files\/2021\/03\/CALENDARIO-ESCOLARIZACIO\u0301N-120x300.jpg 120w, https:\/\/blogsaverroes.juntadeandalucia.es\/ceipignaciohalcon\/files\/2021\/03\/CALENDARIO-ESCOLARIZACIO\u0301N-768x1921.jpg 768w, https:\/\/blogsaverroes.juntadeandalucia.es\/ceipignaciohalcon\/files\/2021\/03\/CALENDARIO-ESCOLARIZACIO\u0301N-614x1536.jpg 614w, https:\/\/blogsaverroes.juntadeandalucia.es\/ceipignaciohalcon\/files\/2021\/03\/CALENDARIO-ESCOLARIZACIO\u0301N-819x2048.jpg 819w, https:\/\/blogsaverroes.juntadeandalucia.es\/ceipignaciohalcon\/files\/2021\/03\/CALENDARIO-ESCOLARIZACIO\u0301N-scaled.jpg 1024w\" sizes=\"(max-width: 409px) 100vw, 409px\" \/><\/p>\n<p>Os dejamos a continuaci\u00f3n algunos tutoriales explicativos que os puedan ayudar en el proceso.<\/p>\n<p><iframe loading=\"lazy\" title=\"Acceso a la Secretar\u00eda Virtual con iANDe\" width=\"500\" height=\"281\" src=\"https:\/\/www.youtube.com\/embed\/p8bqMdBsLd4?feature=oembed&#038;wmode=opaque\" frameborder=\"0\" allow=\"accelerometer; autoplay; clipboard-write; encrypted-media; gyroscope; picture-in-picture\" allowfullscreen><\/iframe><\/p>\n<p><iframe loading=\"lazy\" title=\"Procedimiento Admisi\u00f3n en Centros Andaluces (sin certificado digital)\" width=\"500\" height=\"281\" src=\"https:\/\/www.youtube.com\/embed\/0jzsoje-GyQ?feature=oembed&#038;wmode=opaque\" frameborder=\"0\" allow=\"accelerometer; autoplay; clipboard-write; encrypted-media; gyroscope; picture-in-picture\" allowfullscreen><\/iframe><\/p>\n","protected":false},"excerpt":{"rendered":"<p>&nbsp; &nbsp; &nbsp; &nbsp; &nbsp; &nbsp; &nbsp; &nbsp; &nbsp; Como cada curso escolar comienza el periodo de admisi\u00f3n en los centro educativos andaluces. Os dejamos aqu\u00ed la informaci\u00f3n necesaria sobre el mismo. PROCEDIMIENTO V\u00cdA&#46;&#46;&#46;<\/p>\n","protected":false},"author":7798,"featured_media":1193,"comment_status":"closed","ping_status":"closed","sticky":false,"template":"","format":"standard","meta":{"ngg_post_thumbnail":0,"footnotes":""},"categories":[1900976],"tags":[],"aioseo_notices":[],"_links":{"self":[{"href":"https:\/\/blogsaverroes.juntadeandalucia.es\/ceipignaciohalcon\/wp-json\/wp\/v2\/posts\/1192"}],"collection":[{"href":"https:\/\/blogsaverroes.juntadeandalucia.es\/ceipignaciohalcon\/wp-json\/wp\/v2\/posts"}],"about":[{"href":"https:\/\/blogsaverroes.juntadeandalucia.es\/ceipignaciohalcon\/wp-json\/wp\/v2\/types\/post"}],"author":[{"embeddable":true,"href":"https:\/\/blogsaverroes.juntadeandalucia.es\/ceipignaciohalcon\/wp-json\/wp\/v2\/users\/7798"}],"replies":[{"embeddable":true,"href":"https:\/\/blogsaverroes.juntadeandalucia.es\/ceipignaciohalcon\/wp-json\/wp\/v2\/comments?post=1192"}],"version-history":[{"count":6,"href":"https:\/\/blogsaverroes.juntadeandalucia.es\/ceipignaciohalcon\/wp-json\/wp\/v2\/posts\/1192\/revisions"}],"predecessor-version":[{"id":1215,"href":"https:\/\/blogsaverroes.juntadeandalucia.es\/ceipignaciohalcon\/wp-json\/wp\/v2\/posts\/1192\/revisions\/1215"}],"wp:featuredmedia":[{"embeddable":true,"href":"https:\/\/blogsaverroes.juntadeandalucia.es\/ceipignaciohalcon\/wp-json\/wp\/v2\/media\/1193"}],"wp:attachment":[{"href":"https:\/\/blogsaverroes.juntadeandalucia.es\/ceipignaciohalcon\/wp-json\/wp\/v2\/media?parent=1192"}],"wp:term":[{"taxonomy":"category","embeddable":true,"href":"https:\/\/blogsaverroes.juntadeandalucia.es\/ceipignaciohalcon\/wp-json\/wp\/v2\/categories?post=1192"},{"taxonomy":"post_tag","embeddable":true,"href":"https:\/\/blogsaverroes.juntadeandalucia.es\/ceipignaciohalcon\/wp-json\/wp\/v2\/tags?post=1192"}],"curies":[{"name":"wp","href":"https:\/\/api.w.org\/{rel}","templated":true}]}}