{"id":1567,"date":"2022-02-28T23:05:22","date_gmt":"2022-02-28T22:05:22","guid":{"rendered":"https:\/\/blogsaverroes.juntadeandalucia.es\/ceipignaciohalcon\/?p=1567"},"modified":"2022-02-28T23:05:22","modified_gmt":"2022-02-28T22:05:22","slug":"jornada-de-puertas-abiertas","status":"publish","type":"post","link":"https:\/\/blogsaverroes.juntadeandalucia.es\/ceipignaciohalcon\/jornada-de-puertas-abiertas\/","title":{"rendered":"JORNADA DE PUERTAS ABIERTAS"},"content":{"rendered":"<p>El pr\u00f3ximo 3 de marzo celebramos en nuestro centro una jornada de puertas abiertas para aquellas familias que quieran venir a conocer nuestro centro, con motivo del inicio de procedimiento de escolarizaci\u00f3n 2022\/23. Estaremos encantados de ense\u00f1aros nuestro centro y contaros c\u00f3mo trabajamos y cuales son los prop\u00f3sitos de nuestro Proyecto Educativo. <a href=\"https:\/\/blogsaverroes.juntadeandalucia.es\/ceipignaciohalcon\/files\/2022\/02\/JORNADAS-DE-PUERTAS-ABIERTAS.png\"><img loading=\"lazy\" decoding=\"async\" class=\"alignnone size-full wp-image-1568\" src=\"https:\/\/blogsaverroes.juntadeandalucia.es\/ceipignaciohalcon\/files\/2022\/02\/JORNADAS-DE-PUERTAS-ABIERTAS.png\" alt=\"\" width=\"1748\" height=\"1240\" srcset=\"https:\/\/blogsaverroes.juntadeandalucia.es\/ceipignaciohalcon\/files\/2022\/02\/JORNADAS-DE-PUERTAS-ABIERTAS.png 1748w, https:\/\/blogsaverroes.juntadeandalucia.es\/ceipignaciohalcon\/files\/2022\/02\/JORNADAS-DE-PUERTAS-ABIERTAS-300x213.png 300w, https:\/\/blogsaverroes.juntadeandalucia.es\/ceipignaciohalcon\/files\/2022\/02\/JORNADAS-DE-PUERTAS-ABIERTAS-1024x726.png 1024w, https:\/\/blogsaverroes.juntadeandalucia.es\/ceipignaciohalcon\/files\/2022\/02\/JORNADAS-DE-PUERTAS-ABIERTAS-768x545.png 768w, https:\/\/blogsaverroes.juntadeandalucia.es\/ceipignaciohalcon\/files\/2022\/02\/JORNADAS-DE-PUERTAS-ABIERTAS-1536x1090.png 1536w\" sizes=\"(max-width: 1748px) 100vw, 1748px\" \/><\/a><\/p>\n","protected":false},"excerpt":{"rendered":"<p>El pr\u00f3ximo 3 de marzo celebramos en nuestro centro una jornada de puertas abiertas para aquellas familias que quieran venir a conocer nuestro centro, con motivo del inicio de procedimiento de escolarizaci\u00f3n 2022\/23. Estaremos&#46;&#46;&#46;<\/p>\n","protected":false},"author":7798,"featured_media":1568,"comment_status":"closed","ping_status":"closed","sticky":false,"template":"","format":"standard","meta":{"ngg_post_thumbnail":0,"footnotes":""},"categories":[1900976],"tags":[],"aioseo_notices":[],"_links":{"self":[{"href":"https:\/\/blogsaverroes.juntadeandalucia.es\/ceipignaciohalcon\/wp-json\/wp\/v2\/posts\/1567"}],"collection":[{"href":"https:\/\/blogsaverroes.juntadeandalucia.es\/ceipignaciohalcon\/wp-json\/wp\/v2\/posts"}],"about":[{"href":"https:\/\/blogsaverroes.juntadeandalucia.es\/ceipignaciohalcon\/wp-json\/wp\/v2\/types\/post"}],"author":[{"embeddable":true,"href":"https:\/\/blogsaverroes.juntadeandalucia.es\/ceipignaciohalcon\/wp-json\/wp\/v2\/users\/7798"}],"replies":[{"embeddable":true,"href":"https:\/\/blogsaverroes.juntadeandalucia.es\/ceipignaciohalcon\/wp-json\/wp\/v2\/comments?post=1567"}],"version-history":[{"count":1,"href":"https:\/\/blogsaverroes.juntadeandalucia.es\/ceipignaciohalcon\/wp-json\/wp\/v2\/posts\/1567\/revisions"}],"predecessor-version":[{"id":1569,"href":"https:\/\/blogsaverroes.juntadeandalucia.es\/ceipignaciohalcon\/wp-json\/wp\/v2\/posts\/1567\/revisions\/1569"}],"wp:featuredmedia":[{"embeddable":true,"href":"https:\/\/blogsaverroes.juntadeandalucia.es\/ceipignaciohalcon\/wp-json\/wp\/v2\/media\/1568"}],"wp:attachment":[{"href":"https:\/\/blogsaverroes.juntadeandalucia.es\/ceipignaciohalcon\/wp-json\/wp\/v2\/media?parent=1567"}],"wp:term":[{"taxonomy":"category","embeddable":true,"href":"https:\/\/blogsaverroes.juntadeandalucia.es\/ceipignaciohalcon\/wp-json\/wp\/v2\/categories?post=1567"},{"taxonomy":"post_tag","embeddable":true,"href":"https:\/\/blogsaverroes.juntadeandalucia.es\/ceipignaciohalcon\/wp-json\/wp\/v2\/tags?post=1567"}],"curies":[{"name":"wp","href":"https:\/\/api.w.org\/{rel}","templated":true}]}}