{"id":1675,"date":"2022-03-15T10:46:55","date_gmt":"2022-03-15T09:46:55","guid":{"rendered":"https:\/\/blogsaverroes.juntadeandalucia.es\/ceipignaciohalcon\/?p=1675"},"modified":"2022-05-17T11:02:31","modified_gmt":"2022-05-17T09:02:31","slug":"educacion-vial-2022","status":"publish","type":"post","link":"https:\/\/blogsaverroes.juntadeandalucia.es\/ceipignaciohalcon\/educacion-vial-2022\/","title":{"rendered":"EDUCACI\u00d3N VIAL 2022"},"content":{"rendered":"<p>&nbsp; &nbsp; &nbsp; &nbsp; Este curso tambi\u00e9n hemos contado con la formaci\u00f3n en Educaci\u00f3n Vial impartida por la Polic\u00eda Local de nuestra localidad. Como ya sabemos, son unos contenidos de aprendizaje imprescindibles para el alumnado, en la consecuci\u00f3n de las competencias sociales y c\u00edvicas, as\u00ed como en la prevenci\u00f3n de riesgos y accidentes. Esta actividad se enmarca dentro de nuestro Plan de Actuaci\u00f3n de H\u00e1bitos Saludables \u00abCreciendo en Salud\u00bb. El alumnado del 2\u00ba y 3\u00ba de ciclo Primaria realizar\u00e1 esta formaci\u00f3n a lo largo del segundo y tercer trimestre.&nbsp;<\/p>\nngg_shortcode_0_placeholder\n","protected":false},"excerpt":{"rendered":"<p>&nbsp; &nbsp; &nbsp; &nbsp; Este curso tambi\u00e9n hemos contado con la formaci\u00f3n en Educaci\u00f3n Vial impartida por la Polic\u00eda Local de nuestra localidad. Como ya sabemos, son unos contenidos de aprendizaje imprescindibles para el&#46;&#46;&#46;<\/p>\n","protected":false},"author":7798,"featured_media":1692,"comment_status":"closed","ping_status":"closed","sticky":false,"template":"","format":"standard","meta":{"ngg_post_thumbnail":0,"footnotes":""},"categories":[1900976],"tags":[],"aioseo_notices":[],"_links":{"self":[{"href":"https:\/\/blogsaverroes.juntadeandalucia.es\/ceipignaciohalcon\/wp-json\/wp\/v2\/posts\/1675"}],"collection":[{"href":"https:\/\/blogsaverroes.juntadeandalucia.es\/ceipignaciohalcon\/wp-json\/wp\/v2\/posts"}],"about":[{"href":"https:\/\/blogsaverroes.juntadeandalucia.es\/ceipignaciohalcon\/wp-json\/wp\/v2\/types\/post"}],"author":[{"embeddable":true,"href":"https:\/\/blogsaverroes.juntadeandalucia.es\/ceipignaciohalcon\/wp-json\/wp\/v2\/users\/7798"}],"replies":[{"embeddable":true,"href":"https:\/\/blogsaverroes.juntadeandalucia.es\/ceipignaciohalcon\/wp-json\/wp\/v2\/comments?post=1675"}],"version-history":[{"count":1,"href":"https:\/\/blogsaverroes.juntadeandalucia.es\/ceipignaciohalcon\/wp-json\/wp\/v2\/posts\/1675\/revisions"}],"predecessor-version":[{"id":1691,"href":"https:\/\/blogsaverroes.juntadeandalucia.es\/ceipignaciohalcon\/wp-json\/wp\/v2\/posts\/1675\/revisions\/1691"}],"wp:featuredmedia":[{"embeddable":true,"href":"https:\/\/blogsaverroes.juntadeandalucia.es\/ceipignaciohalcon\/wp-json\/wp\/v2\/media\/1692"}],"wp:attachment":[{"href":"https:\/\/blogsaverroes.juntadeandalucia.es\/ceipignaciohalcon\/wp-json\/wp\/v2\/media?parent=1675"}],"wp:term":[{"taxonomy":"category","embeddable":true,"href":"https:\/\/blogsaverroes.juntadeandalucia.es\/ceipignaciohalcon\/wp-json\/wp\/v2\/categories?post=1675"},{"taxonomy":"post_tag","embeddable":true,"href":"https:\/\/blogsaverroes.juntadeandalucia.es\/ceipignaciohalcon\/wp-json\/wp\/v2\/tags?post=1675"}],"curies":[{"name":"wp","href":"https:\/\/api.w.org\/{rel}","templated":true}]}}