{"id":2861,"date":"2019-10-31T16:24:25","date_gmt":"2019-10-31T16:24:25","guid":{"rendered":"http:\/\/blogsaverroes.juntadeandalucia.es\/ceipinfantedonfernado\/?p=2861"},"modified":"2019-10-31T16:24:25","modified_gmt":"2019-10-31T16:24:25","slug":"biblioteca-y-halloween","status":"publish","type":"post","link":"https:\/\/blogsaverroes.juntadeandalucia.es\/ceipinfantedonfernando\/biblioteca-y-halloween\/","title":{"rendered":"BIBLIOTECA Y HALLOWEEN"},"content":{"rendered":"<p>Con motivo del la celebraci\u00f3n de Halloween, en colaboraci\u00f3n con el AMPA del centro. La biblioteca del centro ha celebrado un concurso &nbsp;de &#8220;<strong>relatos terror\u00edficos<\/strong>&#8221; por ciclos.<\/p>\n<p>Para finalizar con esta celebraci\u00f3n se har\u00e1 en el centro una representaci\u00f3n de t\u00edteres , en la biblioteca del colegio. La informaci\u00f3n gr\u00e1fica del evento se encuentra &nbsp;galer\u00eda.<\/p>\n<p>&nbsp;<\/p>\n","protected":false},"excerpt":{"rendered":"<p>Con motivo del la celebraci\u00f3n de Halloween, en colaboraci\u00f3n con el AMPA del centro. La biblioteca del centro ha celebrado un concurso &nbsp;de &#8220;relatos terror\u00edficos&#8221;&hellip;<\/p>\n","protected":false},"author":2341,"featured_media":0,"comment_status":"open","ping_status":"open","sticky":false,"template":"","format":"standard","meta":{"ngg_post_thumbnail":0,"footnotes":""},"categories":[526],"tags":[],"aioseo_notices":[],"_links":{"self":[{"href":"https:\/\/blogsaverroes.juntadeandalucia.es\/ceipinfantedonfernando\/wp-json\/wp\/v2\/posts\/2861"}],"collection":[{"href":"https:\/\/blogsaverroes.juntadeandalucia.es\/ceipinfantedonfernando\/wp-json\/wp\/v2\/posts"}],"about":[{"href":"https:\/\/blogsaverroes.juntadeandalucia.es\/ceipinfantedonfernando\/wp-json\/wp\/v2\/types\/post"}],"author":[{"embeddable":true,"href":"https:\/\/blogsaverroes.juntadeandalucia.es\/ceipinfantedonfernando\/wp-json\/wp\/v2\/users\/2341"}],"replies":[{"embeddable":true,"href":"https:\/\/blogsaverroes.juntadeandalucia.es\/ceipinfantedonfernando\/wp-json\/wp\/v2\/comments?post=2861"}],"version-history":[{"count":0,"href":"https:\/\/blogsaverroes.juntadeandalucia.es\/ceipinfantedonfernando\/wp-json\/wp\/v2\/posts\/2861\/revisions"}],"wp:attachment":[{"href":"https:\/\/blogsaverroes.juntadeandalucia.es\/ceipinfantedonfernando\/wp-json\/wp\/v2\/media?parent=2861"}],"wp:term":[{"taxonomy":"category","embeddable":true,"href":"https:\/\/blogsaverroes.juntadeandalucia.es\/ceipinfantedonfernando\/wp-json\/wp\/v2\/categories?post=2861"},{"taxonomy":"post_tag","embeddable":true,"href":"https:\/\/blogsaverroes.juntadeandalucia.es\/ceipinfantedonfernando\/wp-json\/wp\/v2\/tags?post=2861"}],"curies":[{"name":"wp","href":"https:\/\/api.w.org\/{rel}","templated":true}]}}