{"id":4489,"date":"2024-11-21T06:44:03","date_gmt":"2024-11-21T06:44:03","guid":{"rendered":"https:\/\/blogsaverroes.juntadeandalucia.es\/ceipinfantedonfernando\/?p=4489"},"modified":"2024-11-21T06:44:03","modified_gmt":"2024-11-21T06:44:03","slug":"25-de-noviembre","status":"publish","type":"post","link":"https:\/\/blogsaverroes.juntadeandalucia.es\/ceipinfantedonfernando\/25-de-noviembre\/","title":{"rendered":"25 de Noviembre"},"content":{"rendered":"<div class=\"flex-shrink-0 flex flex-col relative items-end\">\n<div>\n<div class=\"pt-0\">\n<div class=\"gizmo-bot-avatar flex h-8 w-8 items-center justify-center overflow-hidden rounded-full\">\n<div class=\"relative p-1 rounded-sm flex items-center justify-center bg-token-main-surface-primary text-token-text-primary h-8 w-8\" style=\"text-align: center\"><iframe loading=\"lazy\" src=\"https:\/\/drive.google.com\/file\/d\/1WI_Vv_I7P39tqfYa2UP2l3QDW-JLGIsa\/preview\" width=\"300\" height=\"150\"><\/iframe><\/div>\n<\/div>\n<\/div>\n<\/div>\n<\/div>\n<div class=\"group\/conversation-turn relative flex w-full min-w-0 flex-col agent-turn\">\n<div class=\"flex-col gap-1 md:gap-3\">\n<div class=\"flex max-w-full flex-col flex-grow\">\n<div class=\"min-h-8 text-message flex w-full flex-col items-end gap-2 whitespace-normal break-words [.text-message+&amp;]:mt-5\" dir=\"auto\" data-message-author-role=\"assistant\" data-message-id=\"8b896e03-dbd4-4e07-b0ac-7385c8fcdf37\" data-message-model-slug=\"gpt-4o\">\n<div class=\"flex w-full flex-col gap-1 empty:hidden first:pt-[3px]\">\n<div class=\"markdown prose w-full break-words dark:prose-invert light\">\n<p><strong>\u00danete a nuestra celebraci\u00f3n del 25 de noviembre \ud83d\udc9c<\/strong><\/p>\n<p>El pr\u00f3ximo <strong>25 de noviembre<\/strong> conmemoramos en nuestro colegio el <strong>D\u00eda Internacional para la Eliminaci\u00f3n de la Violencia contra la Mujer<\/strong>, una jornada para reflexionar, aprender y comprometernos con la igualdad y el respeto. Queremos invitar a todo el alumnado, profesorado y familias a formar parte de esta importante fecha.<\/p>\n<h3>\ud83d\udccc <strong>\u00bfC\u00f3mo participar?<\/strong><\/h3>\n<p>Para mostrar nuestro apoyo y unidad:<\/p>\n<ul>\n<li>Ven al colegio <strong>vestido de morado<\/strong>, el color que simboliza la lucha por los derechos de las mujeres y la erradicaci\u00f3n de la violencia de g\u00e9nero. \ud83d\udc9c<\/li>\n<li>Participa en las actividades que hemos preparado para el d\u00eda.<\/li>\n<\/ul>\n<h3>\ud83c\udf1f <strong>Nuestro compromiso:<\/strong><\/h3>\n<p>El objetivo de este d\u00eda es fomentar la empat\u00eda, la igualdad y el respeto, valores esenciales para construir una sociedad m\u00e1s justa y libre de violencia. Cada peque\u00f1o gesto cuenta, y venir vestido de morado ser\u00e1 una forma sencilla pero significativa de apoyar esta causa.<\/p>\n<p><strong>\u00a1Juntos podemos marcar la diferencia!<\/strong> \ud83d\udcaa<br \/>\nTe esperamos este 25 de noviembre para te\u00f1ir nuestro colegio de morado y sumar nuestras voces en favor de la igualdad y el respeto.<\/p>\n<p>#D\u00eda25N #Igualdad #Respeto \ud83d\udc9c<\/p>\n<\/div>\n<\/div>\n<\/div>\n<\/div>\n<\/div>\n<\/div>\n","protected":false},"excerpt":{"rendered":"<p>\u00danete a nuestra celebraci\u00f3n del 25 de noviembre \ud83d\udc9c El pr\u00f3ximo 25 de noviembre conmemoramos en nuestro colegio el D\u00eda Internacional para la Eliminaci\u00f3n de&hellip;<\/p>\n","protected":false},"author":2341,"featured_media":4490,"comment_status":"open","ping_status":"open","sticky":false,"template":"","format":"standard","meta":{"ngg_post_thumbnail":0,"footnotes":""},"categories":[213,25494,25495,25496,25498,307438],"tags":[],"aioseo_notices":[],"_links":{"self":[{"href":"https:\/\/blogsaverroes.juntadeandalucia.es\/ceipinfantedonfernando\/wp-json\/wp\/v2\/posts\/4489"}],"collection":[{"href":"https:\/\/blogsaverroes.juntadeandalucia.es\/ceipinfantedonfernando\/wp-json\/wp\/v2\/posts"}],"about":[{"href":"https:\/\/blogsaverroes.juntadeandalucia.es\/ceipinfantedonfernando\/wp-json\/wp\/v2\/types\/post"}],"author":[{"embeddable":true,"href":"https:\/\/blogsaverroes.juntadeandalucia.es\/ceipinfantedonfernando\/wp-json\/wp\/v2\/users\/2341"}],"replies":[{"embeddable":true,"href":"https:\/\/blogsaverroes.juntadeandalucia.es\/ceipinfantedonfernando\/wp-json\/wp\/v2\/comments?post=4489"}],"version-history":[{"count":2,"href":"https:\/\/blogsaverroes.juntadeandalucia.es\/ceipinfantedonfernando\/wp-json\/wp\/v2\/posts\/4489\/revisions"}],"predecessor-version":[{"id":4555,"href":"https:\/\/blogsaverroes.juntadeandalucia.es\/ceipinfantedonfernando\/wp-json\/wp\/v2\/posts\/4489\/revisions\/4555"}],"wp:featuredmedia":[{"embeddable":true,"href":"https:\/\/blogsaverroes.juntadeandalucia.es\/ceipinfantedonfernando\/wp-json\/wp\/v2\/media\/4490"}],"wp:attachment":[{"href":"https:\/\/blogsaverroes.juntadeandalucia.es\/ceipinfantedonfernando\/wp-json\/wp\/v2\/media?parent=4489"}],"wp:term":[{"taxonomy":"category","embeddable":true,"href":"https:\/\/blogsaverroes.juntadeandalucia.es\/ceipinfantedonfernando\/wp-json\/wp\/v2\/categories?post=4489"},{"taxonomy":"post_tag","embeddable":true,"href":"https:\/\/blogsaverroes.juntadeandalucia.es\/ceipinfantedonfernando\/wp-json\/wp\/v2\/tags?post=4489"}],"curies":[{"name":"wp","href":"https:\/\/api.w.org\/{rel}","templated":true}]}}