{"id":4872,"date":"2025-11-21T16:20:58","date_gmt":"2025-11-21T16:20:58","guid":{"rendered":"https:\/\/blogsaverroes.juntadeandalucia.es\/ceipinfantedonfernando\/?p=4872"},"modified":"2025-11-21T15:55:45","modified_gmt":"2025-11-21T15:55:45","slug":"mi-cole-al-ritmo-de-vivaldi","status":"publish","type":"post","link":"https:\/\/blogsaverroes.juntadeandalucia.es\/ceipinfantedonfernando\/mi-cole-al-ritmo-de-vivaldi\/","title":{"rendered":"\u201cMi cole al ritmo de Vivaldi\u201d"},"content":{"rendered":"<h2>Celebramos el D\u00eda Internacional de la M\u00fasica con Vivaldi<\/h2>\n<div style=\"width: 843px;\" class=\"wp-video\"><!--[if lt IE 9]><script>document.createElement('video');<\/script><![endif]-->\n<video class=\"wp-video-shortcode\" id=\"video-4872-1\" width=\"843\" height=\"477\" preload=\"metadata\" controls=\"controls\"><source type=\"video\/mp4\" src=\"https:\/\/blogsaverroes.juntadeandalucia.es\/ceipinfantedonfernando\/files\/2025\/11\/VID-20251121-WA0007.mp4?_=1\" \/><a href=\"https:\/\/blogsaverroes.juntadeandalucia.es\/ceipinfantedonfernando\/files\/2025\/11\/VID-20251121-WA0007.mp4\">https:\/\/blogsaverroes.juntadeandalucia.es\/ceipinfantedonfernando\/files\/2025\/11\/VID-20251121-WA0007.mp4<\/a><\/video><\/div>\n<p>Hoy<strong> 22 de noviembre<\/strong>, nuestro colegio se llen\u00f3 de arte, ritmo y emoci\u00f3n para celebrar el <strong>D\u00eda Internacional de la M\u00fasica<\/strong> con una actividad muy especial: <strong>\u201cMi cole al ritmo de Vivaldi\u201d<\/strong>.<\/p>\n<p>Durante toda la ma\u00f1ana, el alumnado de Infantil y Primaria recorri\u00f3 las cuatro estaciones del compositor italiano a trav\u00e9s de din\u00e1micas creativas y sensoriales:<\/p>\n<p><strong>El Oto\u00f1o<\/strong> \u2013 Danza y expresi\u00f3n corporal en el porche<\/p>\n<p><strong>El Verano<\/strong> \u2013 Percusi\u00f3n junto a las fuentes del cuartillo del material<\/p>\n<p><strong>La Primavera<\/strong> \u2013 Dibujo de un mural colectivo en la sala de profesores<\/p>\n<p><strong>El Invierno<\/strong> \u2013 Puzzles y dibujo en la biblioteca<\/p>\n<p>Cada ciclo disfrut\u00f3 de las estaciones en diferentes horarios, guiados por el alumnado de <strong>6\u00ba de Primaria<\/strong>, que asumi\u00f3 el rol de monitores y responsables de cada actividad. \u00a1Una experiencia enriquecedora para todos!<\/p>\n<p>A las 12:00 Los alumnos Juan, Paco y Rafa &#8220;Los Palmas&#8221; actuaron para cerrar la semana en la que hemos celebrado el D\u00eda del Flamenco, el D\u00eda de la Infancia y el D\u00eda de la M\u00fasica.<\/p>\n<p><iframe loading=\"lazy\" src=\"\/\/www.youtube.com\/embed\/vphXdQMmtko\" width=\"560\" height=\"314\"><\/iframe><\/p>\n<p>Agradecemos especialmente a <strong>F\u00e9lix<\/strong>, que supervis\u00f3 la jornada desde el patio, y al equipo docente&nbsp; que colabor\u00f3 en las sustituciones y organizaci\u00f3n.<\/p>\n<p>La m\u00fasica nos une, nos inspira y nos hace crecer. \u00a1Gracias por hacer de este d\u00eda una celebraci\u00f3n inolvidable!<\/p>\n","protected":false},"excerpt":{"rendered":"<p>Celebramos el D\u00eda Internacional de la M\u00fasica con Vivaldi Hoy 22 de noviembre, nuestro colegio se llen\u00f3 de arte, ritmo y emoci\u00f3n para celebrar el&hellip;<\/p>\n","protected":false},"author":2341,"featured_media":4889,"comment_status":"open","ping_status":"open","sticky":false,"template":"","format":"standard","meta":{"ngg_post_thumbnail":0,"footnotes":""},"categories":[25494,25495,25496,2351663,526,307438],"tags":[],"aioseo_notices":[],"_links":{"self":[{"href":"https:\/\/blogsaverroes.juntadeandalucia.es\/ceipinfantedonfernando\/wp-json\/wp\/v2\/posts\/4872"}],"collection":[{"href":"https:\/\/blogsaverroes.juntadeandalucia.es\/ceipinfantedonfernando\/wp-json\/wp\/v2\/posts"}],"about":[{"href":"https:\/\/blogsaverroes.juntadeandalucia.es\/ceipinfantedonfernando\/wp-json\/wp\/v2\/types\/post"}],"author":[{"embeddable":true,"href":"https:\/\/blogsaverroes.juntadeandalucia.es\/ceipinfantedonfernando\/wp-json\/wp\/v2\/users\/2341"}],"replies":[{"embeddable":true,"href":"https:\/\/blogsaverroes.juntadeandalucia.es\/ceipinfantedonfernando\/wp-json\/wp\/v2\/comments?post=4872"}],"version-history":[{"count":2,"href":"https:\/\/blogsaverroes.juntadeandalucia.es\/ceipinfantedonfernando\/wp-json\/wp\/v2\/posts\/4872\/revisions"}],"predecessor-version":[{"id":4876,"href":"https:\/\/blogsaverroes.juntadeandalucia.es\/ceipinfantedonfernando\/wp-json\/wp\/v2\/posts\/4872\/revisions\/4876"}],"wp:featuredmedia":[{"embeddable":true,"href":"https:\/\/blogsaverroes.juntadeandalucia.es\/ceipinfantedonfernando\/wp-json\/wp\/v2\/media\/4889"}],"wp:attachment":[{"href":"https:\/\/blogsaverroes.juntadeandalucia.es\/ceipinfantedonfernando\/wp-json\/wp\/v2\/media?parent=4872"}],"wp:term":[{"taxonomy":"category","embeddable":true,"href":"https:\/\/blogsaverroes.juntadeandalucia.es\/ceipinfantedonfernando\/wp-json\/wp\/v2\/categories?post=4872"},{"taxonomy":"post_tag","embeddable":true,"href":"https:\/\/blogsaverroes.juntadeandalucia.es\/ceipinfantedonfernando\/wp-json\/wp\/v2\/tags?post=4872"}],"curies":[{"name":"wp","href":"https:\/\/api.w.org\/{rel}","templated":true}]}}