{"id":1340,"date":"2025-04-03T12:02:49","date_gmt":"2025-04-03T11:02:49","guid":{"rendered":"https:\/\/blogsaverroes.juntadeandalucia.es\/ceipinmaculadadeltriunfo\/?p=1340"},"modified":"2025-04-03T12:02:49","modified_gmt":"2025-04-03T11:02:49","slug":"the-solar-system","status":"publish","type":"post","link":"https:\/\/blogsaverroes.juntadeandalucia.es\/ceipinmaculadadeltriunfo\/the-solar-system\/","title":{"rendered":"THE SOLAR SYSTEM"},"content":{"rendered":"<p>Nuestro alumnado de 2\u00ba de Primaria llena el aula magna de la Facultad de Ciencias de la Educaci\u00f3n para la presentaci\u00f3n de su proyecto The Solar System. Ha sido una experiencia magn\u00edfica para ellos y ellas y para el alumnado universitario de magisterio. Todo gracias al trabajo y buen hacer de nuestra profe Cristina. Somos Comunidad de Aprendizaje, hacemos escuela.<\/p>\n<p><img loading=\"lazy\" decoding=\"async\" class=\"alignnone size-medium wp-image-1341\" src=\"https:\/\/blogsaverroes.juntadeandalucia.es\/ceipinmaculadadeltriunfo\/files\/2025\/04\/2-225x300.jpg\" alt=\"\" width=\"225\" height=\"300\" srcset=\"https:\/\/blogsaverroes.juntadeandalucia.es\/ceipinmaculadadeltriunfo\/files\/2025\/04\/2-225x300.jpg 225w, https:\/\/blogsaverroes.juntadeandalucia.es\/ceipinmaculadadeltriunfo\/files\/2025\/04\/2-768x1024.jpg 768w, https:\/\/blogsaverroes.juntadeandalucia.es\/ceipinmaculadadeltriunfo\/files\/2025\/04\/2-1152x1536.jpg 1152w, https:\/\/blogsaverroes.juntadeandalucia.es\/ceipinmaculadadeltriunfo\/files\/2025\/04\/2-1536x2048.jpg 1536w, https:\/\/blogsaverroes.juntadeandalucia.es\/ceipinmaculadadeltriunfo\/files\/2025\/04\/2-scaled.jpg 1920w\" sizes=\"(max-width: 225px) 100vw, 225px\" \/><\/p>\n<p><img loading=\"lazy\" decoding=\"async\" class=\"alignnone size-medium wp-image-1342\" src=\"https:\/\/blogsaverroes.juntadeandalucia.es\/ceipinmaculadadeltriunfo\/files\/2025\/04\/3-300x225.jpg\" alt=\"\" width=\"300\" height=\"225\" srcset=\"https:\/\/blogsaverroes.juntadeandalucia.es\/ceipinmaculadadeltriunfo\/files\/2025\/04\/3-300x225.jpg 300w, https:\/\/blogsaverroes.juntadeandalucia.es\/ceipinmaculadadeltriunfo\/files\/2025\/04\/3-1024x768.jpg 1024w, https:\/\/blogsaverroes.juntadeandalucia.es\/ceipinmaculadadeltriunfo\/files\/2025\/04\/3-768x576.jpg 768w, https:\/\/blogsaverroes.juntadeandalucia.es\/ceipinmaculadadeltriunfo\/files\/2025\/04\/3-1536x1152.jpg 1536w, https:\/\/blogsaverroes.juntadeandalucia.es\/ceipinmaculadadeltriunfo\/files\/2025\/04\/3-2048x1536.jpg 2048w\" sizes=\"(max-width: 300px) 100vw, 300px\" \/><\/p>\n<p><img loading=\"lazy\" decoding=\"async\" class=\"alignnone size-medium wp-image-1343\" src=\"https:\/\/blogsaverroes.juntadeandalucia.es\/ceipinmaculadadeltriunfo\/files\/2025\/04\/4-225x300.jpg\" alt=\"\" width=\"225\" height=\"300\" srcset=\"https:\/\/blogsaverroes.juntadeandalucia.es\/ceipinmaculadadeltriunfo\/files\/2025\/04\/4-225x300.jpg 225w, https:\/\/blogsaverroes.juntadeandalucia.es\/ceipinmaculadadeltriunfo\/files\/2025\/04\/4-768x1024.jpg 768w, https:\/\/blogsaverroes.juntadeandalucia.es\/ceipinmaculadadeltriunfo\/files\/2025\/04\/4-1152x1536.jpg 1152w, https:\/\/blogsaverroes.juntadeandalucia.es\/ceipinmaculadadeltriunfo\/files\/2025\/04\/4-1536x2048.jpg 1536w, https:\/\/blogsaverroes.juntadeandalucia.es\/ceipinmaculadadeltriunfo\/files\/2025\/04\/4-scaled.jpg 1920w\" sizes=\"(max-width: 225px) 100vw, 225px\" \/><\/p>\n<p><img loading=\"lazy\" decoding=\"async\" class=\"alignnone size-medium wp-image-1344\" src=\"https:\/\/blogsaverroes.juntadeandalucia.es\/ceipinmaculadadeltriunfo\/files\/2025\/04\/5-225x300.jpg\" alt=\"\" width=\"225\" height=\"300\" srcset=\"https:\/\/blogsaverroes.juntadeandalucia.es\/ceipinmaculadadeltriunfo\/files\/2025\/04\/5-225x300.jpg 225w, https:\/\/blogsaverroes.juntadeandalucia.es\/ceipinmaculadadeltriunfo\/files\/2025\/04\/5-768x1024.jpg 768w, https:\/\/blogsaverroes.juntadeandalucia.es\/ceipinmaculadadeltriunfo\/files\/2025\/04\/5-1152x1536.jpg 1152w, https:\/\/blogsaverroes.juntadeandalucia.es\/ceipinmaculadadeltriunfo\/files\/2025\/04\/5-1536x2048.jpg 1536w, https:\/\/blogsaverroes.juntadeandalucia.es\/ceipinmaculadadeltriunfo\/files\/2025\/04\/5-scaled.jpg 1920w\" sizes=\"(max-width: 225px) 100vw, 225px\" \/><\/p>\n","protected":false},"excerpt":{"rendered":"<p>Nuestro alumnado de 2\u00ba de Primaria llena el aula magna de la Facultad de Ciencias de la Educaci\u00f3n para la presentaci\u00f3n de su proyecto The Solar System. Ha sido una experiencia magn\u00edfica para ellos&#46;&#46;&#46;<\/p>\n","protected":false},"author":16355,"featured_media":0,"comment_status":"closed","ping_status":"open","sticky":false,"template":"","format":"standard","meta":{"ngg_post_thumbnail":0,"footnotes":""},"categories":[1],"tags":[],"aioseo_notices":[],"_links":{"self":[{"href":"https:\/\/blogsaverroes.juntadeandalucia.es\/ceipinmaculadadeltriunfo\/wp-json\/wp\/v2\/posts\/1340"}],"collection":[{"href":"https:\/\/blogsaverroes.juntadeandalucia.es\/ceipinmaculadadeltriunfo\/wp-json\/wp\/v2\/posts"}],"about":[{"href":"https:\/\/blogsaverroes.juntadeandalucia.es\/ceipinmaculadadeltriunfo\/wp-json\/wp\/v2\/types\/post"}],"author":[{"embeddable":true,"href":"https:\/\/blogsaverroes.juntadeandalucia.es\/ceipinmaculadadeltriunfo\/wp-json\/wp\/v2\/users\/16355"}],"replies":[{"embeddable":true,"href":"https:\/\/blogsaverroes.juntadeandalucia.es\/ceipinmaculadadeltriunfo\/wp-json\/wp\/v2\/comments?post=1340"}],"version-history":[{"count":1,"href":"https:\/\/blogsaverroes.juntadeandalucia.es\/ceipinmaculadadeltriunfo\/wp-json\/wp\/v2\/posts\/1340\/revisions"}],"predecessor-version":[{"id":1345,"href":"https:\/\/blogsaverroes.juntadeandalucia.es\/ceipinmaculadadeltriunfo\/wp-json\/wp\/v2\/posts\/1340\/revisions\/1345"}],"wp:attachment":[{"href":"https:\/\/blogsaverroes.juntadeandalucia.es\/ceipinmaculadadeltriunfo\/wp-json\/wp\/v2\/media?parent=1340"}],"wp:term":[{"taxonomy":"category","embeddable":true,"href":"https:\/\/blogsaverroes.juntadeandalucia.es\/ceipinmaculadadeltriunfo\/wp-json\/wp\/v2\/categories?post=1340"},{"taxonomy":"post_tag","embeddable":true,"href":"https:\/\/blogsaverroes.juntadeandalucia.es\/ceipinmaculadadeltriunfo\/wp-json\/wp\/v2\/tags?post=1340"}],"curies":[{"name":"wp","href":"https:\/\/api.w.org\/{rel}","templated":true}]}}