{"id":2314,"date":"2022-06-16T08:22:51","date_gmt":"2022-06-16T07:22:51","guid":{"rendered":"https:\/\/blogsaverroes.juntadeandalucia.es\/ceipjeronimarechechirivel\/?p=2314"},"modified":"2022-06-16T08:22:51","modified_gmt":"2022-06-16T07:22:51","slug":"telecole-te-cuento-mi-cuento","status":"publish","type":"post","link":"https:\/\/blogsaverroes.juntadeandalucia.es\/ceipjeronimarechechirivel\/telecole-te-cuento-mi-cuento\/","title":{"rendered":"TeleCole: &#8220;Te cuento mi cuento&#8221;"},"content":{"rendered":"<div><span style=\"font-size: large\"><b><\/b> En esta nueva emisi\u00f3n de TeleCole los autores y autoras de los Microcuentos con menci\u00f3n especial de esta edici\u00f3n nos cuentan su cuento. \u00a1A disfrutar!<\/span><\/div>\n<div><span style=\"font-size: large\">&nbsp;<\/span><\/div>\n<div class=\"yj6qo\"><a href=\"https:\/\/youtu.be\/hL_wmQOLIm4\"><img fetchpriority=\"high\" fetchpriority=\"high\" decoding=\"async\" class=\"size-medium wp-image-2315 aligncenter\" src=\"https:\/\/blogsaverroes.juntadeandalucia.es\/ceipjeronimarechechirivel\/files\/2022\/06\/Sin-t\u00edtulo-4-300x169.png\" alt=\"\" width=\"300\" height=\"169\" srcset=\"https:\/\/blogsaverroes.juntadeandalucia.es\/ceipjeronimarechechirivel\/files\/2022\/06\/Sin-t\u00edtulo-4-300x169.png 300w, https:\/\/blogsaverroes.juntadeandalucia.es\/ceipjeronimarechechirivel\/files\/2022\/06\/Sin-t\u00edtulo-4-768x434.png 768w, https:\/\/blogsaverroes.juntadeandalucia.es\/ceipjeronimarechechirivel\/files\/2022\/06\/Sin-t\u00edtulo-4-480x271.png 480w, https:\/\/blogsaverroes.juntadeandalucia.es\/ceipjeronimarechechirivel\/files\/2022\/06\/Sin-t\u00edtulo-4.png 820w\" sizes=\"(max-width: 300px) 100vw, 300px\" \/><\/a><\/div>\n<div class=\"adL\">&nbsp;<\/div>\n<div class=\"adL\">&nbsp;<\/div>\n<div class=\"adL\">&nbsp;<\/div>\n","protected":false},"excerpt":{"rendered":"<p>En esta nueva emisi\u00f3n de TeleCole los autores y autoras de los Microcuentos con menci\u00f3n especial de esta edici\u00f3n nos cuentan su cuento. \u00a1A disfrutar! &nbsp; &nbsp; &nbsp; &nbsp;<\/p>\n","protected":false},"author":12350,"featured_media":2316,"comment_status":"closed","ping_status":"open","sticky":false,"template":"","format":"standard","meta":{"_et_pb_use_builder":"","_et_pb_old_content":"","_et_gb_content_width":"","ngg_post_thumbnail":0,"footnotes":""},"categories":[3,4],"tags":[],"aioseo_notices":[],"_links":{"self":[{"href":"https:\/\/blogsaverroes.juntadeandalucia.es\/ceipjeronimarechechirivel\/wp-json\/wp\/v2\/posts\/2314"}],"collection":[{"href":"https:\/\/blogsaverroes.juntadeandalucia.es\/ceipjeronimarechechirivel\/wp-json\/wp\/v2\/posts"}],"about":[{"href":"https:\/\/blogsaverroes.juntadeandalucia.es\/ceipjeronimarechechirivel\/wp-json\/wp\/v2\/types\/post"}],"author":[{"embeddable":true,"href":"https:\/\/blogsaverroes.juntadeandalucia.es\/ceipjeronimarechechirivel\/wp-json\/wp\/v2\/users\/12350"}],"replies":[{"embeddable":true,"href":"https:\/\/blogsaverroes.juntadeandalucia.es\/ceipjeronimarechechirivel\/wp-json\/wp\/v2\/comments?post=2314"}],"version-history":[{"count":1,"href":"https:\/\/blogsaverroes.juntadeandalucia.es\/ceipjeronimarechechirivel\/wp-json\/wp\/v2\/posts\/2314\/revisions"}],"predecessor-version":[{"id":2317,"href":"https:\/\/blogsaverroes.juntadeandalucia.es\/ceipjeronimarechechirivel\/wp-json\/wp\/v2\/posts\/2314\/revisions\/2317"}],"wp:featuredmedia":[{"embeddable":true,"href":"https:\/\/blogsaverroes.juntadeandalucia.es\/ceipjeronimarechechirivel\/wp-json\/wp\/v2\/media\/2316"}],"wp:attachment":[{"href":"https:\/\/blogsaverroes.juntadeandalucia.es\/ceipjeronimarechechirivel\/wp-json\/wp\/v2\/media?parent=2314"}],"wp:term":[{"taxonomy":"category","embeddable":true,"href":"https:\/\/blogsaverroes.juntadeandalucia.es\/ceipjeronimarechechirivel\/wp-json\/wp\/v2\/categories?post=2314"},{"taxonomy":"post_tag","embeddable":true,"href":"https:\/\/blogsaverroes.juntadeandalucia.es\/ceipjeronimarechechirivel\/wp-json\/wp\/v2\/tags?post=2314"}],"curies":[{"name":"wp","href":"https:\/\/api.w.org\/{rel}","templated":true}]}}