{"id":951,"date":"2023-12-18T13:25:55","date_gmt":"2023-12-18T12:25:55","guid":{"rendered":"https:\/\/blogsaverroes.juntadeandalucia.es\/ceipjjrebollo\/?p=951"},"modified":"2024-03-02T08:04:31","modified_gmt":"2024-03-02T07:04:31","slug":"publicacion-de-notas","status":"publish","type":"post","link":"https:\/\/blogsaverroes.juntadeandalucia.es\/ceipjjrebollo\/publicacion-de-notas\/","title":{"rendered":"Publicaci\u00f3n de notas"},"content":{"rendered":"<p><span style=\"font-weight: 400\">Estimadas familias,<\/span><\/p>\n<p><span style=\"font-weight: 400\">Queremos informarles que a partir de hoy lunes 18 de diciembre podr\u00e1n consultar y descargar los boletines de calificaciones del primer trimestre, as\u00ed como los informes trimestrales de PT y AL, a trav\u00e9s del apartado de calificaciones y\/o del punto de recogida de iPasen.<\/span><\/p>\n<p><span style=\"font-weight: 400\">A lo largo de la tarde, el tutor\/a de la clase atender\u00e1 telef\u00f3nicamente a las familias cuyo alumnado presente m\u00e1s dificultades o haya obtenido resultados inferiores con respecto a la media de la clase. Recordamos que a la vuelta de vacaciones, se realizar\u00e1n el resto de&nbsp; tutor\u00edas individuales para concretar y explicar los resultados obtenidos por sus hijos\/as.<\/span><\/p>\n<p><span style=\"font-weight: 400\">Adem\u00e1s, les recordamos que el viernes 22 de diciembre ser\u00e1 el \u00faltimo d\u00eda lectivo del trimestre y se prestar\u00e1n los servicios de Aula Matinal y Comedor Escolar.<\/span><\/p>\n<p><span style=\"font-weight: 400\">El d\u00eda de regreso despu\u00e9s de las vacaciones de Navidad ser\u00e1 el lunes 8 de enero de 2024.<\/span><\/p>\n<p><span style=\"font-weight: 400\">Por \u00faltimo, queremos aprovechar esta oportunidad para desearles unas felices fiestas en nombre de todo el equipo directivo y los maestros\/as.<\/span><\/p>\n<p><span style=\"font-weight: 400\">\u00a1Que tengan unas excelentes vacaciones!<\/span><\/p>\n<p><span style=\"font-weight: 400\">CEIP ALCALDE J.J. REBOLLO<\/span><\/p>\n","protected":false},"excerpt":{"rendered":"<p>Estimadas familias, Queremos informarles que a partir de hoy lunes&#46;&#46;&#46;<\/p>\n","protected":false},"author":18063,"featured_media":968,"comment_status":"closed","ping_status":"open","sticky":false,"template":"","format":"standard","meta":{"ngg_post_thumbnail":0,"footnotes":""},"categories":[1],"tags":[],"aioseo_notices":[],"_links":{"self":[{"href":"https:\/\/blogsaverroes.juntadeandalucia.es\/ceipjjrebollo\/wp-json\/wp\/v2\/posts\/951"}],"collection":[{"href":"https:\/\/blogsaverroes.juntadeandalucia.es\/ceipjjrebollo\/wp-json\/wp\/v2\/posts"}],"about":[{"href":"https:\/\/blogsaverroes.juntadeandalucia.es\/ceipjjrebollo\/wp-json\/wp\/v2\/types\/post"}],"author":[{"embeddable":true,"href":"https:\/\/blogsaverroes.juntadeandalucia.es\/ceipjjrebollo\/wp-json\/wp\/v2\/users\/18063"}],"replies":[{"embeddable":true,"href":"https:\/\/blogsaverroes.juntadeandalucia.es\/ceipjjrebollo\/wp-json\/wp\/v2\/comments?post=951"}],"version-history":[{"count":1,"href":"https:\/\/blogsaverroes.juntadeandalucia.es\/ceipjjrebollo\/wp-json\/wp\/v2\/posts\/951\/revisions"}],"predecessor-version":[{"id":952,"href":"https:\/\/blogsaverroes.juntadeandalucia.es\/ceipjjrebollo\/wp-json\/wp\/v2\/posts\/951\/revisions\/952"}],"wp:featuredmedia":[{"embeddable":true,"href":"https:\/\/blogsaverroes.juntadeandalucia.es\/ceipjjrebollo\/wp-json\/wp\/v2\/media\/968"}],"wp:attachment":[{"href":"https:\/\/blogsaverroes.juntadeandalucia.es\/ceipjjrebollo\/wp-json\/wp\/v2\/media?parent=951"}],"wp:term":[{"taxonomy":"category","embeddable":true,"href":"https:\/\/blogsaverroes.juntadeandalucia.es\/ceipjjrebollo\/wp-json\/wp\/v2\/categories?post=951"},{"taxonomy":"post_tag","embeddable":true,"href":"https:\/\/blogsaverroes.juntadeandalucia.es\/ceipjjrebollo\/wp-json\/wp\/v2\/tags?post=951"}],"curies":[{"name":"wp","href":"https:\/\/api.w.org\/{rel}","templated":true}]}}