{"id":4595,"date":"2023-01-23T09:54:13","date_gmt":"2023-01-23T09:54:13","guid":{"rendered":"https:\/\/blogsaverroes.juntadeandalucia.es\/ceipjosebanus\/?p=4595"},"modified":"2023-01-23T09:54:13","modified_gmt":"2023-01-23T09:54:13","slug":"reportaje-villa-banus","status":"publish","type":"post","link":"https:\/\/blogsaverroes.juntadeandalucia.es\/ceipjosebanus\/reportaje-villa-banus\/","title":{"rendered":"REPORTAJE VILLA BAN\u00daS"},"content":{"rendered":"<p>Estimadas familias.&nbsp;<\/p>\n<p>El pasado d\u00eda 12 nuestro Alcalde de Villa Ban\u00fas, recibi\u00f3 la llave de la ciudad de mano de nuestra alcaldesa.&nbsp;<\/p>\n<p>Fue un d\u00eda muy especial para nuestra Villa, recibir la visita de \u00c1ngelez Mu\u00f1oz junto con Carmen D\u00eda y Cristobal Garret. Ellos hicieron posible la jura del cargo de nuestro Alcalde Mario Reina y sus concejales.&nbsp;<\/p>\n<p>Adem\u00e1s recibimos la visita de la Polic\u00eda Local de Marbella, para que nuestros polic\u00edas locales jurasen el cargo ante sus ciudadanos de la Villa.&nbsp;<\/p>\n<p>Queremos agradecer especialmente al cuerpo de Polic\u00eda local de Marbella su implicaci\u00f3n en nuestro proyecto, por la donaci\u00f3n de uniformes tanto a principio de curso como el pasado d\u00eda 12.&nbsp;<\/p>\n<p>Ese d\u00eda el acto concluy\u00f3 con la exhibici\u00f3n de la unidad Canina de la polic\u00eda Local, y nuestros ciudadanos disfrutaron much\u00edsimo de todo el acto.&nbsp;<\/p>\n<p>\u00a1Gracias a todos los organismos que lo hicieron posible!<\/p>\n<p>Os dejamos el enlace de la noticia.<\/p>\n<p><a href=\"https:\/\/www.facebook.com\/watch\/?v=689544679477112&amp;extid=WA-UNK-UNK-UNK-AN_GK0T-GK1C&amp;mibextid=2Rb1fB&amp;ref=sharing\">(20) Watch | Facebook<\/a><\/p>\n<p>V\u00eddeo de la jura del Cargo de nuestra polic\u00eda local.<\/p>\n<div style=\"width: 848px;\" class=\"wp-video\"><!--[if lt IE 9]><script>document.createElement('video');<\/script><![endif]-->\n<video class=\"wp-video-shortcode\" id=\"video-4595-1\" width=\"848\" height=\"480\" preload=\"metadata\" controls=\"controls\"><source type=\"video\/mp4\" src=\"https:\/\/blogsaverroes.juntadeandalucia.es\/ceipjosebanus\/files\/2023\/01\/Jura-del-cargo-polic\u00eda-local.mp4?_=1\" \/><a href=\"https:\/\/blogsaverroes.juntadeandalucia.es\/ceipjosebanus\/files\/2023\/01\/Jura-del-cargo-polic\u00eda-local.mp4\">https:\/\/blogsaverroes.juntadeandalucia.es\/ceipjosebanus\/files\/2023\/01\/Jura-del-cargo-polic\u00eda-local.mp4<\/a><\/video><\/div>\n<p>V\u00eddeo Exhibici\u00f3n Unidad Canina<\/p>\n<div style=\"width: 480px;\" class=\"wp-video\"><video class=\"wp-video-shortcode\" id=\"video-4595-2\" width=\"480\" height=\"848\" preload=\"metadata\" controls=\"controls\"><source type=\"video\/mp4\" src=\"https:\/\/blogsaverroes.juntadeandalucia.es\/ceipjosebanus\/files\/2023\/01\/Exhibici\u00f3n-Unidad-Canina.mp4?_=2\" \/><a href=\"https:\/\/blogsaverroes.juntadeandalucia.es\/ceipjosebanus\/files\/2023\/01\/Exhibici\u00f3n-Unidad-Canina.mp4\">https:\/\/blogsaverroes.juntadeandalucia.es\/ceipjosebanus\/files\/2023\/01\/Exhibici\u00f3n-Unidad-Canina.mp4<\/a><\/video><\/div>\n<p>&nbsp;<\/p>\n<p>Entrevista en Televisi\u00f3n Marbella en el programa Como en Casa, lunes 16 de Enero 2023, a F\u00e1tima Izquierdo, Inmaculada Cabezas y Mario Reina sobre nuestro proyecto Villa Ban\u00fas.<\/p>\n<p><a href=\"https:\/\/rtvmarbella.tv\/como-en-casa-lunes-16-enero-1p\/\">COMO EN CASA LUNES 16 ENERO 1P &#8211; RTV Marbella<\/a><\/p>\n<p>&nbsp;<\/p>\n","protected":false},"excerpt":{"rendered":"<p>Estimadas familias.&nbsp; El pasado d\u00eda 12 nuestro Alcalde de Villa Ban\u00fas, recibi\u00f3 la llave de la ciudad de mano de nuestra alcaldesa.&nbsp; Fue un d\u00eda muy especial para nuestra Villa, recibir la visita de&#46;&#46;&#46;<\/p>\n","protected":false},"author":2132,"featured_media":4598,"comment_status":"open","ping_status":"open","sticky":false,"template":"","format":"standard","meta":{"ngg_post_thumbnail":0,"footnotes":""},"categories":[307390],"tags":[],"aioseo_notices":[],"_links":{"self":[{"href":"https:\/\/blogsaverroes.juntadeandalucia.es\/ceipjosebanus\/wp-json\/wp\/v2\/posts\/4595"}],"collection":[{"href":"https:\/\/blogsaverroes.juntadeandalucia.es\/ceipjosebanus\/wp-json\/wp\/v2\/posts"}],"about":[{"href":"https:\/\/blogsaverroes.juntadeandalucia.es\/ceipjosebanus\/wp-json\/wp\/v2\/types\/post"}],"author":[{"embeddable":true,"href":"https:\/\/blogsaverroes.juntadeandalucia.es\/ceipjosebanus\/wp-json\/wp\/v2\/users\/2132"}],"replies":[{"embeddable":true,"href":"https:\/\/blogsaverroes.juntadeandalucia.es\/ceipjosebanus\/wp-json\/wp\/v2\/comments?post=4595"}],"version-history":[{"count":1,"href":"https:\/\/blogsaverroes.juntadeandalucia.es\/ceipjosebanus\/wp-json\/wp\/v2\/posts\/4595\/revisions"}],"predecessor-version":[{"id":4599,"href":"https:\/\/blogsaverroes.juntadeandalucia.es\/ceipjosebanus\/wp-json\/wp\/v2\/posts\/4595\/revisions\/4599"}],"wp:featuredmedia":[{"embeddable":true,"href":"https:\/\/blogsaverroes.juntadeandalucia.es\/ceipjosebanus\/wp-json\/wp\/v2\/media\/4598"}],"wp:attachment":[{"href":"https:\/\/blogsaverroes.juntadeandalucia.es\/ceipjosebanus\/wp-json\/wp\/v2\/media?parent=4595"}],"wp:term":[{"taxonomy":"category","embeddable":true,"href":"https:\/\/blogsaverroes.juntadeandalucia.es\/ceipjosebanus\/wp-json\/wp\/v2\/categories?post=4595"},{"taxonomy":"post_tag","embeddable":true,"href":"https:\/\/blogsaverroes.juntadeandalucia.es\/ceipjosebanus\/wp-json\/wp\/v2\/tags?post=4595"}],"curies":[{"name":"wp","href":"https:\/\/api.w.org\/{rel}","templated":true}]}}