{"id":1061,"date":"2014-07-09T19:44:00","date_gmt":"2014-07-09T17:44:00","guid":{"rendered":"https:\/\/blogsaverroes.juntadeandalucia.es\/ceipjosecalderon\/en-pocas-palabras\/"},"modified":"2023-06-02T13:25:21","modified_gmt":"2023-06-02T11:25:21","slug":"en-pocas-palabras","status":"publish","type":"post","link":"https:\/\/blogsaverroes.juntadeandalucia.es\/ceipjosecalderon\/en-pocas-palabras\/","title":{"rendered":"En pocas palabras"},"content":{"rendered":"<p><span style=\"font-family: Arial, Helvetica, sans-serif\"><b>En pocas palabras es una p\u00e1gina cuyo objetivo principal es ampliar el vocabulario y mejorar la expresi\u00f3n oral y escrita, para ello cuenta con la ayuda de una amiga virtual Perla &nbsp;que os guiar\u00e1 por tres islas que se corresponden con los diferentes ciclos de E. Primaria<\/b><\/span><br \/>\n<span style=\"font-family: Arial, Helvetica, sans-serif\"><b><br \/><\/b><\/span><br \/>\n<\/p>\n<div style=\"clear: both;text-align: center\">\n<a href=\"http:\/\/recursostic.educacion.es\/primaria\/enpocaspalabras\/web\/animaciones\/index.swf\"><img loading=\"lazy\" decoding=\"async\" border=\"0\" src=\"http:\/\/4.bp.blogspot.com\/-3hQWag058hE\/U7vhOY-vD8I\/AAAAAAAAXQ4\/UPM_RzQozRs\/s1600\/islas.jpg\" height=\"310\" width=\"475\" \/><\/a><\/div>\n<div style=\"text-align: center\">\n<span style=\"font-family: Arial, Helvetica, sans-serif\"><b><br \/><\/b><\/span><br \/>\n<span style=\"font-family: Arial, Helvetica, sans-serif\"><b>Pulsa la imagen<\/b><\/span><\/div>\n","protected":false},"excerpt":{"rendered":"<p>En pocas palabras es una p\u00e1gina cuyo objetivo principal es ampliar el vocabulario y mejorar la expresi\u00f3n oral y escrita, para ello cuenta con la ayuda de una amiga virtual Perla &nbsp;que os guiar\u00e1 por tres islas que se corresponden con los diferentes ciclos de E. Primaria Pulsa la imagen<\/p>\n","protected":false},"author":18127,"featured_media":0,"comment_status":"closed","ping_status":"open","sticky":false,"template":"","format":"standard","meta":{"_et_pb_use_builder":"","_et_pb_old_content":"","_et_gb_content_width":"","ngg_post_thumbnail":0,"footnotes":""},"categories":[99],"tags":[],"aioseo_notices":[],"_links":{"self":[{"href":"https:\/\/blogsaverroes.juntadeandalucia.es\/ceipjosecalderon\/wp-json\/wp\/v2\/posts\/1061"}],"collection":[{"href":"https:\/\/blogsaverroes.juntadeandalucia.es\/ceipjosecalderon\/wp-json\/wp\/v2\/posts"}],"about":[{"href":"https:\/\/blogsaverroes.juntadeandalucia.es\/ceipjosecalderon\/wp-json\/wp\/v2\/types\/post"}],"author":[{"embeddable":true,"href":"https:\/\/blogsaverroes.juntadeandalucia.es\/ceipjosecalderon\/wp-json\/wp\/v2\/users\/18127"}],"replies":[{"embeddable":true,"href":"https:\/\/blogsaverroes.juntadeandalucia.es\/ceipjosecalderon\/wp-json\/wp\/v2\/comments?post=1061"}],"version-history":[{"count":1,"href":"https:\/\/blogsaverroes.juntadeandalucia.es\/ceipjosecalderon\/wp-json\/wp\/v2\/posts\/1061\/revisions"}],"predecessor-version":[{"id":2624,"href":"https:\/\/blogsaverroes.juntadeandalucia.es\/ceipjosecalderon\/wp-json\/wp\/v2\/posts\/1061\/revisions\/2624"}],"wp:attachment":[{"href":"https:\/\/blogsaverroes.juntadeandalucia.es\/ceipjosecalderon\/wp-json\/wp\/v2\/media?parent=1061"}],"wp:term":[{"taxonomy":"category","embeddable":true,"href":"https:\/\/blogsaverroes.juntadeandalucia.es\/ceipjosecalderon\/wp-json\/wp\/v2\/categories?post=1061"},{"taxonomy":"post_tag","embeddable":true,"href":"https:\/\/blogsaverroes.juntadeandalucia.es\/ceipjosecalderon\/wp-json\/wp\/v2\/tags?post=1061"}],"curies":[{"name":"wp","href":"https:\/\/api.w.org\/{rel}","templated":true}]}}