{"id":1222,"date":"2013-11-11T19:26:00","date_gmt":"2013-11-11T18:26:00","guid":{"rendered":"https:\/\/blogsaverroes.juntadeandalucia.es\/ceipjosecalderon\/relacion-entre-dividendo-divisor-cociente-y-resto\/"},"modified":"2023-06-02T13:30:25","modified_gmt":"2023-06-02T11:30:25","slug":"relacion-entre-dividendo-divisor-cociente-y-resto","status":"publish","type":"post","link":"https:\/\/blogsaverroes.juntadeandalucia.es\/ceipjosecalderon\/relacion-entre-dividendo-divisor-cociente-y-resto\/","title":{"rendered":"Relaci\u00f3n entre dividendo, divisor, cociente y resto"},"content":{"rendered":"<p><span style=\"font-family: Arial, Helvetica, sans-serif\"><b>Dos actividades y un v\u00eddeo te ayudar\u00e1n con este principio b\u00e1sico<\/b><\/span><\/p>\n<div style=\"text-align: center\">\n<span style=\"font-family: Arial, Helvetica, sans-serif\"><b><br \/><\/b><\/span>\n<\/div>\n<div style=\"clear: both;text-align: center\">\n<a href=\"http:\/\/1.bp.blogspot.com\/-Alm8DIhtoeA\/UoER0FSGjoI\/AAAAAAAAOJM\/UL2te1ljhWU\/s1600\/prueba-division.jpg\" style=\"margin-left: 1em;margin-right: 1em\"><img loading=\"lazy\" decoding=\"async\" border=\"0\" height=\"310\" src=\"http:\/\/1.bp.blogspot.com\/-Alm8DIhtoeA\/UoER0FSGjoI\/AAAAAAAAOJM\/UL2te1ljhWU\/s320\/prueba-division.jpg\" width=\"475\" \/><\/a><\/div>\n<div style=\"text-align: center\">\n<span style=\"font-family: Arial, Helvetica, sans-serif\"><b><br \/><\/b><\/span><\/div>\n<div style=\"text-align: center\">\n<span style=\"font-family: Arial, Helvetica, sans-serif\"><b><a href=\"https:\/\/dl.dropboxusercontent.com\/u\/241321451\/Cosas%20del%20Blog\/Genmagic\/divisiones.swf\">Accede al recurso<\/a> &nbsp; &nbsp; &nbsp; &nbsp; &nbsp; &nbsp; &nbsp; &nbsp; &nbsp; &nbsp; &nbsp; &nbsp; &nbsp; &nbsp; &nbsp; &nbsp; &nbsp; <a href=\"https:\/\/dl.dropboxusercontent.com\/u\/241321451\/Cosas%20del%20Blog\/Genmagic\/divisiones.swf?dl=1\">Descarga el recurso<\/a><\/b><\/span><\/div>\n<div style=\"text-align: center\">\n<span style=\"font-family: Arial, Helvetica, sans-serif\"><b><br \/><\/b><\/span><\/div>\n<div style=\"clear: both;text-align: center\">\n<a href=\"http:\/\/cplosangeles.juntaextremadura.net\/web\/edilim\/tercer_ciclo\/matematicas5\/division_5\/division_5.html\"><img loading=\"lazy\" decoding=\"async\" border=\"0\" height=\"310\" src=\"http:\/\/3.bp.blogspot.com\/-Cqr24-QyH5I\/UoENMUg_28I\/AAAAAAAAOJA\/TAJkwwhXlTc\/s320\/division-numeros-naturales.jpg\" width=\"475\" \/><\/a><\/div>\n<div style=\"text-align: center\">\n<span style=\"font-family: Arial, Helvetica, sans-serif\"><b><br \/><\/b><\/span><\/div>\n<div style=\"text-align: center\">\n<span style=\"font-family: Arial, Helvetica, sans-serif\"><b>Pulsa la imagen<\/b><\/span><br \/>\n<span style=\"font-family: Arial, Helvetica, sans-serif\"><b><br \/><\/b><\/span><\/div>\n<p><iframe loading=\"lazy\" align=\"center\" frameborder=\"0\" height=\"310\" scrolling=\"no\" src=\"http:\/\/practicopedia.lainformacion.com\/videoservices\/entuweb?id=16194&amp;id_video=331223065&amp;width=669&amp;height=310&amp;time=&amp;OAS_path=www.lainformacion.com\/practicopedia\/educacion\/matematicas\/articulos\" width=\"564\"><\/iframe><\/p>\n","protected":false},"excerpt":{"rendered":"<p>Dos actividades y un v\u00eddeo te ayudar\u00e1n con este principio b\u00e1sico Accede al recurso &nbsp; &nbsp; &nbsp; &nbsp; &nbsp; &nbsp; &nbsp; &nbsp; &nbsp; &nbsp; &nbsp; &nbsp; &nbsp; &nbsp; &nbsp; &nbsp; &nbsp; Descarga el recurso Pulsa la imagen<\/p>\n","protected":false},"author":18127,"featured_media":0,"comment_status":"closed","ping_status":"open","sticky":false,"template":"","format":"standard","meta":{"_et_pb_use_builder":"","_et_pb_old_content":"","_et_gb_content_width":"","ngg_post_thumbnail":0,"footnotes":""},"categories":[99],"tags":[],"aioseo_notices":[],"_links":{"self":[{"href":"https:\/\/blogsaverroes.juntadeandalucia.es\/ceipjosecalderon\/wp-json\/wp\/v2\/posts\/1222"}],"collection":[{"href":"https:\/\/blogsaverroes.juntadeandalucia.es\/ceipjosecalderon\/wp-json\/wp\/v2\/posts"}],"about":[{"href":"https:\/\/blogsaverroes.juntadeandalucia.es\/ceipjosecalderon\/wp-json\/wp\/v2\/types\/post"}],"author":[{"embeddable":true,"href":"https:\/\/blogsaverroes.juntadeandalucia.es\/ceipjosecalderon\/wp-json\/wp\/v2\/users\/18127"}],"replies":[{"embeddable":true,"href":"https:\/\/blogsaverroes.juntadeandalucia.es\/ceipjosecalderon\/wp-json\/wp\/v2\/comments?post=1222"}],"version-history":[{"count":1,"href":"https:\/\/blogsaverroes.juntadeandalucia.es\/ceipjosecalderon\/wp-json\/wp\/v2\/posts\/1222\/revisions"}],"predecessor-version":[{"id":2754,"href":"https:\/\/blogsaverroes.juntadeandalucia.es\/ceipjosecalderon\/wp-json\/wp\/v2\/posts\/1222\/revisions\/2754"}],"wp:attachment":[{"href":"https:\/\/blogsaverroes.juntadeandalucia.es\/ceipjosecalderon\/wp-json\/wp\/v2\/media?parent=1222"}],"wp:term":[{"taxonomy":"category","embeddable":true,"href":"https:\/\/blogsaverroes.juntadeandalucia.es\/ceipjosecalderon\/wp-json\/wp\/v2\/categories?post=1222"},{"taxonomy":"post_tag","embeddable":true,"href":"https:\/\/blogsaverroes.juntadeandalucia.es\/ceipjosecalderon\/wp-json\/wp\/v2\/tags?post=1222"}],"curies":[{"name":"wp","href":"https:\/\/api.w.org\/{rel}","templated":true}]}}