{"id":3728,"date":"2023-11-01T17:23:51","date_gmt":"2023-11-01T16:23:51","guid":{"rendered":"https:\/\/blogsaverroes.juntadeandalucia.es\/ceipjosecalderon\/?p=3728"},"modified":"2023-11-01T17:30:05","modified_gmt":"2023-11-01T16:30:05","slug":"halloween-2023","status":"publish","type":"post","link":"https:\/\/blogsaverroes.juntadeandalucia.es\/ceipjosecalderon\/halloween-2023\/","title":{"rendered":"Halloween 2023"},"content":{"rendered":"<h2><b style=\"font-family: Arial, Tahoma, Helvetica, FreeSans, sans-serif;font-size: 14.85px;text-align: justify\">El 31 de octubre celebramos el D\u00eda de Halloween en nuestro colegio. Casi todo el alumnado acudi\u00f3 con disfraces a cu\u00e1l m\u00e1s terror\u00edfico. En las fotos se pueden apreciar.<\/b><\/h2>\n<p><a href=\"https:\/\/www.flickr.com\/photos\/colegiojcalderon\/53302116471\/in\/album-72177720312361576\/\"><br \/>\n<img loading=\"lazy\" decoding=\"async\" src=\"https:\/\/blogsaverroes.juntadeandalucia.es\/ceipjosecalderon\/files\/2023\/11\/Halloween-31-10-2023-1.jpg\" alt=\"\" width=\"498\" height=\"224\"> <\/a><\/p>\n<h2><b style=\"font-family: Arial, Tahoma, Helvetica, FreeSans, sans-serif;font-size: 14.85px;text-align: center\"><b style=\"text-align: left\"><a href=\"https:\/\/photos.app.goo.gl\/beBGySQqQyZ73F368\">Pulsa la imagen para ver las fotos<\/a><\/b><\/b><\/h2>\n","protected":false},"excerpt":{"rendered":"<p>El 31 de octubre celebramos el D\u00eda de Halloween en nuestro colegio. Casi todo el alumnado acudi\u00f3 con disfraces a cu\u00e1l m\u00e1s terror\u00edfico. En las fotos se pueden apreciar. Pulsa la imagen para ver las fotos<\/p>\n","protected":false},"author":18127,"featured_media":3734,"comment_status":"closed","ping_status":"open","sticky":false,"template":"","format":"standard","meta":{"_et_pb_use_builder":"","_et_pb_old_content":"","_et_gb_content_width":"","ngg_post_thumbnail":0,"footnotes":""},"categories":[124,1],"tags":[],"aioseo_notices":[],"_links":{"self":[{"href":"https:\/\/blogsaverroes.juntadeandalucia.es\/ceipjosecalderon\/wp-json\/wp\/v2\/posts\/3728"}],"collection":[{"href":"https:\/\/blogsaverroes.juntadeandalucia.es\/ceipjosecalderon\/wp-json\/wp\/v2\/posts"}],"about":[{"href":"https:\/\/blogsaverroes.juntadeandalucia.es\/ceipjosecalderon\/wp-json\/wp\/v2\/types\/post"}],"author":[{"embeddable":true,"href":"https:\/\/blogsaverroes.juntadeandalucia.es\/ceipjosecalderon\/wp-json\/wp\/v2\/users\/18127"}],"replies":[{"embeddable":true,"href":"https:\/\/blogsaverroes.juntadeandalucia.es\/ceipjosecalderon\/wp-json\/wp\/v2\/comments?post=3728"}],"version-history":[{"count":4,"href":"https:\/\/blogsaverroes.juntadeandalucia.es\/ceipjosecalderon\/wp-json\/wp\/v2\/posts\/3728\/revisions"}],"predecessor-version":[{"id":3735,"href":"https:\/\/blogsaverroes.juntadeandalucia.es\/ceipjosecalderon\/wp-json\/wp\/v2\/posts\/3728\/revisions\/3735"}],"wp:featuredmedia":[{"embeddable":true,"href":"https:\/\/blogsaverroes.juntadeandalucia.es\/ceipjosecalderon\/wp-json\/wp\/v2\/media\/3734"}],"wp:attachment":[{"href":"https:\/\/blogsaverroes.juntadeandalucia.es\/ceipjosecalderon\/wp-json\/wp\/v2\/media?parent=3728"}],"wp:term":[{"taxonomy":"category","embeddable":true,"href":"https:\/\/blogsaverroes.juntadeandalucia.es\/ceipjosecalderon\/wp-json\/wp\/v2\/categories?post=3728"},{"taxonomy":"post_tag","embeddable":true,"href":"https:\/\/blogsaverroes.juntadeandalucia.es\/ceipjosecalderon\/wp-json\/wp\/v2\/tags?post=3728"}],"curies":[{"name":"wp","href":"https:\/\/api.w.org\/{rel}","templated":true}]}}