{"id":3914,"date":"2023-12-03T18:49:29","date_gmt":"2023-12-03T17:49:29","guid":{"rendered":"https:\/\/blogsaverroes.juntadeandalucia.es\/ceipjosecalderon\/?p=3914"},"modified":"2023-12-03T18:52:35","modified_gmt":"2023-12-03T17:52:35","slug":"programa-investiga-y-descubre-2023-2024","status":"publish","type":"post","link":"https:\/\/blogsaverroes.juntadeandalucia.es\/ceipjosecalderon\/programa-investiga-y-descubre-2023-2024\/","title":{"rendered":"Programa Investiga y Descubre 2023\/2024"},"content":{"rendered":"<p style=\"font-family: Arial, Tahoma, Helvetica, FreeSans, sans-serif;font-size: 14.85px;font-weight: 400;background-color: white;line-height: normal;margin-bottom: 0cm;text-align: justify\"><b>Nuestro colegio viene participando ininterrumpidamente desde el curso 2011\/2012 en el Programa \u201cAndaluc\u00eda Profundiza\u201d. Por tanto, son 13 a\u00f1os en total. Este curso su nombre ha cambiado, ahora se llama \u201cInvestiga y Descubre\u201d. Este programa va dirigido a alumnado diagnosticado de Altas Capacidades Intelectuales y a alumnado que destaca por su af\u00e1n investigador y con mejores calificaciones escolares.<\/b><\/p>\n<p style=\"font-family: Arial, Tahoma, Helvetica, FreeSans, sans-serif;font-size: 14.85px;font-weight: 400;background-color: white;line-height: normal;margin-bottom: 0cm;text-align: justify\"><b>Participan un total de 30 alumnos\/as de 3\u00ba, 4\u00ba, 5\u00ba y 6\u00ba de Primaria, repartidos en dos grupos tutorizados por dos maestras de nuestro colegio: El grupo de modalidad A (3\u00ba y 4\u00ba) lo tutoriza Ana del R\u00edo y el grupo de modalidad B (5\u00ba y 6\u00ba) lo tutoriza Miryam Sep\u00falveda.<\/b><b>&nbsp;<\/b><\/p>\n<p style=\"font-family: Arial, Tahoma, Helvetica, FreeSans, sans-serif;font-size: 14.85px;font-weight: 400;background-color: white;line-height: normal;margin-bottom: 0cm;text-align: justify\"><b>Ana del R\u00edo nos informa: El mi\u00e9rcoles 29 de noviembre se llev\u00f3 a cabo la primera sesi\u00f3n del programa educativo Investiga y Descubre.&nbsp;El proyecto que se est\u00e1 llevando a cabo se titula &#8220;M\u00e1ster &#8211; Care &#8220;. Al comenzar la sesi\u00f3n, se llev\u00f3 a cabo una presentaci\u00f3n en la que el alumnado nos estuvo contando cosas sobre ellos con una actividad llamada &#8220;\u00a1Rompamos el hielo!&#8221;. A continuaci\u00f3n, se llev\u00f3 a cabo una lluvia de ideas sobre en qu\u00e9 consiste el proyecto, su duraci\u00f3n, el proyecto final, etc.&nbsp; Despu\u00e9s, los alumnos y las alumnas realizaron la portada del portfolio que vamos a realizar en el proyecto, con temas relacionados con el cuidado de la salud. La siguiente actividad consisti\u00f3 en rellenar una tabla con tres columnas; la primera sobre qu\u00e9 saben de la tem\u00e1tica, la segunda columna con lo que les gustar\u00eda investigar y la \u00faltima se rellenar\u00e1 al finalizar el proyecto con lo que m\u00e1s les ha gustado. Por \u00faltimo, comenzamos a realizar un mapa mental con las diferentes asignaturas y los contenidos de las mismas que vamos a trabajar en nuestro proyecto.<\/b><\/p>\n<p><b style=\"font-family: Arial, Tahoma, Helvetica, FreeSans, sans-serif;font-size: 14.85px;text-align: justify\">El alumnado estuvo en todo momento muy implicado en cada una de las actividades que se llevaron a cabo. Ambos grupos tienen muchas ganas de aprender y de realizar el proyecto en el que nos encontramos inmersos.&nbsp;<\/b><b style=\"font-family: Arial, Tahoma, Helvetica, FreeSans, sans-serif;font-size: 14.85px;text-align: justify\">&nbsp;<\/b><b style=\"font-family: Arial, Tahoma, Helvetica, FreeSans, sans-serif;font-size: 14.85px;text-align: justify\">\u00a1Nos vemos el 13 de diciembre!<\/b><\/p>\n<p><a href=\"https:\/\/www.flickr.com\/photos\/colegiojcalderon\/53369442627\/in\/album-72177720313081285\/\"><br \/>\n<img loading=\"lazy\" decoding=\"async\" src=\"https:\/\/blogsaverroes.juntadeandalucia.es\/ceipjosecalderon\/files\/2023\/12\/Investiga-y-Descubre-29-11-2023-1.jpg\" alt=\"\" width=\"609\" height=\"457\"> <\/a><\/p>\n<h2>Pulsa la imagen para ver las fotos<\/h2>\n","protected":false},"excerpt":{"rendered":"<p>Nuestro colegio viene participando ininterrumpidamente desde el curso 2011\/2012 en el Programa \u201cAndaluc\u00eda Profundiza\u201d. Por tanto, son 13 a\u00f1os en total. Este curso su nombre ha cambiado, ahora se llama \u201cInvestiga y Descubre\u201d. Este programa va dirigido a alumnado diagnosticado de Altas Capacidades Intelectuales y a alumnado que destaca por su af\u00e1n investigador y con [&hellip;]<\/p>\n","protected":false},"author":18127,"featured_media":3912,"comment_status":"closed","ping_status":"open","sticky":false,"template":"","format":"standard","meta":{"_et_pb_use_builder":"","_et_pb_old_content":"","_et_gb_content_width":"","ngg_post_thumbnail":0,"footnotes":""},"categories":[124,1],"tags":[],"aioseo_notices":[],"_links":{"self":[{"href":"https:\/\/blogsaverroes.juntadeandalucia.es\/ceipjosecalderon\/wp-json\/wp\/v2\/posts\/3914"}],"collection":[{"href":"https:\/\/blogsaverroes.juntadeandalucia.es\/ceipjosecalderon\/wp-json\/wp\/v2\/posts"}],"about":[{"href":"https:\/\/blogsaverroes.juntadeandalucia.es\/ceipjosecalderon\/wp-json\/wp\/v2\/types\/post"}],"author":[{"embeddable":true,"href":"https:\/\/blogsaverroes.juntadeandalucia.es\/ceipjosecalderon\/wp-json\/wp\/v2\/users\/18127"}],"replies":[{"embeddable":true,"href":"https:\/\/blogsaverroes.juntadeandalucia.es\/ceipjosecalderon\/wp-json\/wp\/v2\/comments?post=3914"}],"version-history":[{"count":4,"href":"https:\/\/blogsaverroes.juntadeandalucia.es\/ceipjosecalderon\/wp-json\/wp\/v2\/posts\/3914\/revisions"}],"predecessor-version":[{"id":3919,"href":"https:\/\/blogsaverroes.juntadeandalucia.es\/ceipjosecalderon\/wp-json\/wp\/v2\/posts\/3914\/revisions\/3919"}],"wp:featuredmedia":[{"embeddable":true,"href":"https:\/\/blogsaverroes.juntadeandalucia.es\/ceipjosecalderon\/wp-json\/wp\/v2\/media\/3912"}],"wp:attachment":[{"href":"https:\/\/blogsaverroes.juntadeandalucia.es\/ceipjosecalderon\/wp-json\/wp\/v2\/media?parent=3914"}],"wp:term":[{"taxonomy":"category","embeddable":true,"href":"https:\/\/blogsaverroes.juntadeandalucia.es\/ceipjosecalderon\/wp-json\/wp\/v2\/categories?post=3914"},{"taxonomy":"post_tag","embeddable":true,"href":"https:\/\/blogsaverroes.juntadeandalucia.es\/ceipjosecalderon\/wp-json\/wp\/v2\/tags?post=3914"}],"curies":[{"name":"wp","href":"https:\/\/api.w.org\/{rel}","templated":true}]}}