{"id":4139,"date":"2024-01-22T19:57:44","date_gmt":"2024-01-22T18:57:44","guid":{"rendered":"https:\/\/blogsaverroes.juntadeandalucia.es\/ceipjosecalderon\/?p=4139"},"modified":"2024-01-22T20:01:21","modified_gmt":"2024-01-22T19:01:21","slug":"programa-prevenir-en-familia","status":"publish","type":"post","link":"https:\/\/blogsaverroes.juntadeandalucia.es\/ceipjosecalderon\/programa-prevenir-en-familia\/","title":{"rendered":"Programa Prevenir en Familia"},"content":{"rendered":"<p style=\"font-family: Arial, Tahoma, Helvetica, FreeSans, sans-serif;font-size: 14.85px;font-weight: 400;text-align: justify\"><b>Nuestro colegio ha sido elegido por el \u00c1rea de Educaci\u00f3n de nuestro Ayuntamiento para impartir este programa en el distrito de Campanillas. Va dirigido a padres, madres y tutores legales de alumnado de 5\u00ba y 6\u00ba de Primaria de los siete colegios de nuestro distrito.<\/b><\/p>\n<p style=\"font-family: Arial, Tahoma, Helvetica, FreeSans, sans-serif;font-size: 14.85px;font-weight: 400;text-align: justify\"><b>El programa consta de tres talleres impartidos por tres psic\u00f3logas del Colegio Oficial de Psic\u00f3logos de Andaluc\u00eda Oriental (COPAO).<\/b><\/p>\n<p style=\"font-family: Arial, Tahoma, Helvetica, FreeSans, sans-serif;font-size: 14.85px;font-weight: 400;text-align: justify\"><b>Estos talleres se imparten en el Sal\u00f3n de Actos de nuestro colegio de 17 h. a 19 h. Estos son los temas, psic\u00f3logas y fechas:<\/b><\/p>\n<p style=\"font-family: Arial, Tahoma, Helvetica, FreeSans, sans-serif;font-size: 14.85px;font-weight: 400;text-align: justify\"><b>1.- \u00bfC\u00f3mo detectamos la ansiedad en la adolescencia? Marta Sen\u00e9. 17 de enero.<\/b><\/p>\n<p style=\"font-family: Arial, Tahoma, Helvetica, FreeSans, sans-serif;font-size: 14.85px;font-weight: 400;text-align: justify\"><b>2.- Crisis de la adolescencia. Macarena Requena. 14 de marzo<\/b><\/p>\n<p style=\"font-family: Arial, Tahoma, Helvetica, FreeSans, sans-serif;font-size: 14.85px;font-weight: 400;text-align: justify\"><b>3.- Conductas de riesgo. Laura Bernal. 9 de mayo<\/b><\/p>\n<p style=\"font-family: Arial, Tahoma, Helvetica, FreeSans, sans-serif;font-size: 14.85px;font-weight: 400;text-align: justify\"><b>El objetivo es abordar temas esenciales relacionados con la salud mental, el bienestar emocional y desarrollo personal de los\/las adolescentes.<\/b><\/p>\n<p style=\"font-family: Arial, Tahoma, Helvetica, FreeSans, sans-serif;font-size: 14.85px;font-weight: 400;text-align: justify\"><b>El mi\u00e9rcoles 17 de enero tuvo lugar la primera sesi\u00f3n a cargo de la psic\u00f3loga Marta Sen\u00e9 que fue seguida con gran inter\u00e9s por los asistentes.<\/b><\/p>\n<p style=\"font-family: Arial, Tahoma, Helvetica, FreeSans, sans-serif;font-size: 14.85px;font-weight: 400;text-align: center\">&nbsp;<\/p>\n<p><a href=\"https:\/\/www.flickr.com\/photos\/colegiojcalderon\/53474326527\/in\/album-72177720314195197\/\"><br \/>\n<img loading=\"lazy\" decoding=\"async\" src=\"https:\/\/blogsaverroes.juntadeandalucia.es\/ceipjosecalderon\/files\/2024\/01\/prevenir-falilia-2-1024x768.jpg\" alt=\"\" width=\"1024\" height=\"768\"> <\/a><\/p>\n<h2><b style=\"font-family: Arial, Tahoma, Helvetica, FreeSans, sans-serif;font-size: 14.85px;text-align: center\"><a href=\"https:\/\/photos.app.goo.gl\/EAWwGGDzCAkcqBRV9\">Pulsa la imagen para ver las fotos&nbsp;<\/a><\/b><\/h2>\n","protected":false},"excerpt":{"rendered":"<p>Nuestro colegio ha sido elegido por el \u00c1rea de Educaci\u00f3n de nuestro Ayuntamiento para impartir este programa en el distrito de Campanillas. Va dirigido a padres, madres y tutores legales de alumnado de 5\u00ba y 6\u00ba de Primaria de los siete colegios de nuestro distrito. El programa consta de tres talleres impartidos por tres psic\u00f3logas [&hellip;]<\/p>\n","protected":false},"author":18127,"featured_media":4140,"comment_status":"closed","ping_status":"open","sticky":false,"template":"","format":"standard","meta":{"_et_pb_use_builder":"","_et_pb_old_content":"","_et_gb_content_width":"","ngg_post_thumbnail":0,"footnotes":""},"categories":[124,59,1],"tags":[],"aioseo_notices":[],"_links":{"self":[{"href":"https:\/\/blogsaverroes.juntadeandalucia.es\/ceipjosecalderon\/wp-json\/wp\/v2\/posts\/4139"}],"collection":[{"href":"https:\/\/blogsaverroes.juntadeandalucia.es\/ceipjosecalderon\/wp-json\/wp\/v2\/posts"}],"about":[{"href":"https:\/\/blogsaverroes.juntadeandalucia.es\/ceipjosecalderon\/wp-json\/wp\/v2\/types\/post"}],"author":[{"embeddable":true,"href":"https:\/\/blogsaverroes.juntadeandalucia.es\/ceipjosecalderon\/wp-json\/wp\/v2\/users\/18127"}],"replies":[{"embeddable":true,"href":"https:\/\/blogsaverroes.juntadeandalucia.es\/ceipjosecalderon\/wp-json\/wp\/v2\/comments?post=4139"}],"version-history":[{"count":4,"href":"https:\/\/blogsaverroes.juntadeandalucia.es\/ceipjosecalderon\/wp-json\/wp\/v2\/posts\/4139\/revisions"}],"predecessor-version":[{"id":4147,"href":"https:\/\/blogsaverroes.juntadeandalucia.es\/ceipjosecalderon\/wp-json\/wp\/v2\/posts\/4139\/revisions\/4147"}],"wp:featuredmedia":[{"embeddable":true,"href":"https:\/\/blogsaverroes.juntadeandalucia.es\/ceipjosecalderon\/wp-json\/wp\/v2\/media\/4140"}],"wp:attachment":[{"href":"https:\/\/blogsaverroes.juntadeandalucia.es\/ceipjosecalderon\/wp-json\/wp\/v2\/media?parent=4139"}],"wp:term":[{"taxonomy":"category","embeddable":true,"href":"https:\/\/blogsaverroes.juntadeandalucia.es\/ceipjosecalderon\/wp-json\/wp\/v2\/categories?post=4139"},{"taxonomy":"post_tag","embeddable":true,"href":"https:\/\/blogsaverroes.juntadeandalucia.es\/ceipjosecalderon\/wp-json\/wp\/v2\/tags?post=4139"}],"curies":[{"name":"wp","href":"https:\/\/api.w.org\/{rel}","templated":true}]}}