{"id":4420,"date":"2024-02-25T13:13:01","date_gmt":"2024-02-25T12:13:01","guid":{"rendered":"https:\/\/blogsaverroes.juntadeandalucia.es\/ceipjosecalderon\/?p=4420"},"modified":"2024-02-25T13:18:05","modified_gmt":"2024-02-25T12:18:05","slug":"carnaval-2024-murga-los-emeterios","status":"publish","type":"post","link":"https:\/\/blogsaverroes.juntadeandalucia.es\/ceipjosecalderon\/carnaval-2024-murga-los-emeterios\/","title":{"rendered":"Carnaval 2024: Murga Los Emeterios"},"content":{"rendered":"<p style=\"font-family: Arial, Tahoma, Helvetica, FreeSans, sans-serif;font-size: 14.85px;font-weight: 400;text-align: justify\"><b>El viernes 16 de febrero celebramos el d\u00eda de Carnaval en nuestro colegio. Alumnado y profesorado acudieron a clase disfrazados de diferente manera, no hab\u00eda una tem\u00e1tica concreta. Fue una ma\u00f1ana muy colorida y divertida.<\/b><\/p>\n<p><b style=\"font-family: Arial, Tahoma, Helvetica, FreeSans, sans-serif;font-size: 14.85px;text-align: justify\">El lunes 19 de febrero actu\u00f3 la Murga Los Emeterios en la Pista Nueva de nuestro colegio. Esta murga result\u00f3 ganadora en los Carnavales de M\u00e1laga 2023 y en la edici\u00f3n de 2024 han quedado finalistas. La actuaci\u00f3n se puede ver en las fotos y v\u00eddeo m\u00e1s abajo.<\/b><\/p>\n<p><a href=\"https:\/\/www.flickr.com\/photos\/colegiojcalderon\/53534512358\/in\/album-72177720314844145\/\"><br \/>\n<img loading=\"lazy\" decoding=\"async\" src=\"https:\/\/blogsaverroes.juntadeandalucia.es\/ceipjosecalderon\/files\/2024\/02\/grupos-clase.jpg\" alt=\"\" width=\"964\" height=\"623\"> <\/a><\/p>\n<h2><b style=\"font-family: Arial, Tahoma, Helvetica, FreeSans, sans-serif;font-size: 14.85px;text-align: center\"><b style=\"text-align: justify\"><a href=\"https:\/\/photos.app.goo.gl\/TSZchupUvGViqHzD8\">Pulsa la imagen para ver las fotos de grupos\/clase<\/a><\/b><\/b><\/h2>\n<p><a href=\"https:\/\/www.flickr.com\/photos\/colegiojcalderon\/53534344536\/in\/album-72177720314841822\/\"><br \/>\n<img loading=\"lazy\" decoding=\"async\" src=\"https:\/\/blogsaverroes.juntadeandalucia.es\/ceipjosecalderon\/files\/2024\/02\/grupo-1-1024x768.jpg\" alt=\"\" width=\"1024\" height=\"768\"> <\/a><br \/>\n<a href=\"https:\/\/youtu.be\/S3kcxU_ysTY\"><br \/>\n<img loading=\"lazy\" decoding=\"async\" src=\"https:\/\/blogsaverroes.juntadeandalucia.es\/ceipjosecalderon\/files\/2024\/02\/enlave-viedeo-infantil-1024x768.jpg\" alt=\"\" width=\"1024\" height=\"768\"> <\/a><\/p>\n<h2><b style=\"font-family: Arial, Tahoma, Helvetica, FreeSans, sans-serif;font-size: 14.85px;text-align: center\"><a href=\"https:\/\/photos.app.goo.gl\/6A8xnxRUQ8Vqe18g8\">Pulsa la imagen para ver las fotos<\/a><\/b><\/h2>\n<h2><b style=\"font-family: Arial, Tahoma, Helvetica, FreeSans, sans-serif;font-size: 14.85px;text-align: center\">Pulsa la imagen para ver el v\u00eddeo de Infantil<\/b><\/h2>\n<p><a href=\"https:\/\/www.flickr.com\/photos\/colegiojcalderon\/53539647112\/in\/album-72177720314917678\/\"><br \/>\n<img loading=\"lazy\" decoding=\"async\" src=\"https:\/\/blogsaverroes.juntadeandalucia.es\/ceipjosecalderon\/files\/2024\/02\/enlace-video-emeterios-1024x768.jpg\" alt=\"\" width=\"1024\" height=\"768\"> <\/a><br \/>\n<a href=\"https:\/\/youtu.be\/DRd9jdtaIYM\"><br \/>\n<img loading=\"lazy\" decoding=\"async\" src=\"https:\/\/blogsaverroes.juntadeandalucia.es\/ceipjosecalderon\/files\/2024\/02\/enlace-emeterios-1024x768.jpg\" alt=\"\" width=\"1024\" height=\"768\"> <\/a><\/p>\n<h2><b style=\"font-family: Arial, Tahoma, Helvetica, FreeSans, sans-serif;font-size: 14.85px;text-align: center\"><b style=\"text-align: justify\"><a href=\"https:\/\/photos.app.goo.gl\/5Qe6ngNXA17CkjJG9\">Pulsa la imagen para ver la Murga Los Emeterios<\/a><\/b><\/b><\/h2>\n<h2><b style=\"font-family: Arial, Tahoma, Helvetica, FreeSans, sans-serif;font-size: 14.85px;text-align: center\"><b>Pulsa para ver el v\u00eddeo de la Murga Los Emeterios<\/b><\/b><\/h2>\n","protected":false},"excerpt":{"rendered":"<p>El viernes 16 de febrero celebramos el d\u00eda de Carnaval en nuestro colegio. Alumnado y profesorado acudieron a clase disfrazados de diferente manera, no hab\u00eda una tem\u00e1tica concreta. Fue una ma\u00f1ana muy colorida y divertida. El lunes 19 de febrero actu\u00f3 la Murga Los Emeterios en la Pista Nueva de nuestro colegio. Esta murga result\u00f3 [&hellip;]<\/p>\n","protected":false},"author":18127,"featured_media":4422,"comment_status":"closed","ping_status":"open","sticky":false,"template":"","format":"standard","meta":{"_et_pb_use_builder":"","_et_pb_old_content":"","_et_gb_content_width":"","ngg_post_thumbnail":0,"footnotes":""},"categories":[124,59,1],"tags":[],"aioseo_notices":[],"_links":{"self":[{"href":"https:\/\/blogsaverroes.juntadeandalucia.es\/ceipjosecalderon\/wp-json\/wp\/v2\/posts\/4420"}],"collection":[{"href":"https:\/\/blogsaverroes.juntadeandalucia.es\/ceipjosecalderon\/wp-json\/wp\/v2\/posts"}],"about":[{"href":"https:\/\/blogsaverroes.juntadeandalucia.es\/ceipjosecalderon\/wp-json\/wp\/v2\/types\/post"}],"author":[{"embeddable":true,"href":"https:\/\/blogsaverroes.juntadeandalucia.es\/ceipjosecalderon\/wp-json\/wp\/v2\/users\/18127"}],"replies":[{"embeddable":true,"href":"https:\/\/blogsaverroes.juntadeandalucia.es\/ceipjosecalderon\/wp-json\/wp\/v2\/comments?post=4420"}],"version-history":[{"count":4,"href":"https:\/\/blogsaverroes.juntadeandalucia.es\/ceipjosecalderon\/wp-json\/wp\/v2\/posts\/4420\/revisions"}],"predecessor-version":[{"id":4435,"href":"https:\/\/blogsaverroes.juntadeandalucia.es\/ceipjosecalderon\/wp-json\/wp\/v2\/posts\/4420\/revisions\/4435"}],"wp:featuredmedia":[{"embeddable":true,"href":"https:\/\/blogsaverroes.juntadeandalucia.es\/ceipjosecalderon\/wp-json\/wp\/v2\/media\/4422"}],"wp:attachment":[{"href":"https:\/\/blogsaverroes.juntadeandalucia.es\/ceipjosecalderon\/wp-json\/wp\/v2\/media?parent=4420"}],"wp:term":[{"taxonomy":"category","embeddable":true,"href":"https:\/\/blogsaverroes.juntadeandalucia.es\/ceipjosecalderon\/wp-json\/wp\/v2\/categories?post=4420"},{"taxonomy":"post_tag","embeddable":true,"href":"https:\/\/blogsaverroes.juntadeandalucia.es\/ceipjosecalderon\/wp-json\/wp\/v2\/tags?post=4420"}],"curies":[{"name":"wp","href":"https:\/\/api.w.org\/{rel}","templated":true}]}}