{"id":5602,"date":"2024-06-03T19:31:51","date_gmt":"2024-06-03T17:31:51","guid":{"rendered":"https:\/\/blogsaverroes.juntadeandalucia.es\/ceipjosecalderon\/?p=5602"},"modified":"2024-06-03T19:37:00","modified_gmt":"2024-06-03T17:37:00","slug":"programa-la-pizarra-magica-cientificos","status":"publish","type":"post","link":"https:\/\/blogsaverroes.juntadeandalucia.es\/ceipjosecalderon\/programa-la-pizarra-magica-cientificos\/","title":{"rendered":"Programa &#8220;La Pizarra M\u00e1gica&#8221;. Cient\u00edficos"},"content":{"rendered":"<p>\/*! elementor &#8211; v3.21.0 &#8211; 15-04-2024 *\/<br \/>\n.elementor-heading-title{padding:0;margin:0;line-height:1}.elementor-widget-heading .elementor-heading-title[class*=elementor-size-]&gt;a{color:inherit;font-size:inherit;line-height:inherit}.elementor-widget-heading .elementor-heading-title.elementor-size-small{font-size:15px}.elementor-widget-heading .elementor-heading-title.elementor-size-medium{font-size:19px}.elementor-widget-heading .elementor-heading-title.elementor-size-large{font-size:29px}.elementor-widget-heading .elementor-heading-title.elementor-size-xl{font-size:39px}.elementor-widget-heading .elementor-heading-title.elementor-size-xxl{font-size:59px}<\/p>\n<h2><b style=\"font-family: Arial, Tahoma, Helvetica, FreeSans, sans-serif;font-size: 14.85px;text-align: justify\">El jueves 30 de mayo se emiti\u00f3 el \u00faltimo programa de esta temporada de &#8220;La Pizarra M\u00e1gica&#8221;. En la secci\u00f3n peque\u00f1os genios nos hablan Adriana Doblas y Antonio Berlanga de 5\u00ba B sobre qu\u00e9 es un cient\u00edfico para ellos. Salen entre los minutos 11:20 y 13:20.<\/b><\/h2>\n<p>\/*! elementor &#8211; v3.21.0 &#8211; 15-04-2024 *\/<br \/>\n.elementor-widget-image{text-align:center}.elementor-widget-image a{display:inline-block}.elementor-widget-image a img[src$=&#8221;.svg&#8221;]{width:48px}.elementor-widget-image img{vertical-align:middle;display:inline-block} <a href=\"https:\/\/canalmalaga-ondemand.flumotion.com\/outgoing\/video\/mp4\/high\/20240530_1730_1800_LAPIZARRAMAGICA_V_1X1_2_T3_23-24_P16_LA_PIZARRA_MAGICA-CANAL_MALAGA_TELEVISION.mp4\"><br \/>\n<img loading=\"lazy\" decoding=\"async\" src=\"https:\/\/blogsaverroes.juntadeandalucia.es\/ceipjosecalderon\/files\/2024\/06\/Captura-de-pantalla-2024-06-03-193106.png\" alt=\"\" width=\"1006\" height=\"560\"> <\/a><\/p>\n<h2><b style=\"font-family: Arial, Tahoma, Helvetica, FreeSans, sans-serif;font-size: 14.85px;text-align: center\">&nbsp; &nbsp; &nbsp; &nbsp; &nbsp; &nbsp; &nbsp; &nbsp; &nbsp; &nbsp; &nbsp; &nbsp; &nbsp; &nbsp; &nbsp; &nbsp; &nbsp; &nbsp; &nbsp; &nbsp; &nbsp; &nbsp; &nbsp; &nbsp; &nbsp; &nbsp; &nbsp; &nbsp; &nbsp; &nbsp; &nbsp; &nbsp; &nbsp; &nbsp; &nbsp; &nbsp; &nbsp; &nbsp; &nbsp; &nbsp; &nbsp; &nbsp; Pulsa la imagen para ver el programa&nbsp;<\/b><\/h2>\n","protected":false},"excerpt":{"rendered":"<p>\/*! elementor &#8211; v3.21.0 &#8211; 15-04-2024 *\/ .elementor-heading-title{padding:0;margin:0;line-height:1}.elementor-widget-heading .elementor-heading-title[class*=elementor-size-]&gt;a{color:inherit;font-size:inherit;line-height:inherit}.elementor-widget-heading .elementor-heading-title.elementor-size-small{font-size:15px}.elementor-widget-heading .elementor-heading-title.elementor-size-medium{font-size:19px}.elementor-widget-heading .elementor-heading-title.elementor-size-large{font-size:29px}.elementor-widget-heading .elementor-heading-title.elementor-size-xl{font-size:39px}.elementor-widget-heading .elementor-heading-title.elementor-size-xxl{font-size:59px} El jueves 30 de mayo se emiti\u00f3 el \u00faltimo programa de esta temporada de &#8220;La Pizarra M\u00e1gica&#8221;. En la secci\u00f3n peque\u00f1os genios nos hablan Adriana Doblas y Antonio Berlanga de 5\u00ba B sobre qu\u00e9 es un cient\u00edfico para ellos. Salen entre [&hellip;]<\/p>\n","protected":false},"author":18127,"featured_media":5339,"comment_status":"closed","ping_status":"open","sticky":false,"template":"","format":"standard","meta":{"_et_pb_use_builder":"","_et_pb_old_content":"","_et_gb_content_width":"","ngg_post_thumbnail":0,"footnotes":""},"categories":[124,139,1,6],"tags":[],"aioseo_notices":[],"_links":{"self":[{"href":"https:\/\/blogsaverroes.juntadeandalucia.es\/ceipjosecalderon\/wp-json\/wp\/v2\/posts\/5602"}],"collection":[{"href":"https:\/\/blogsaverroes.juntadeandalucia.es\/ceipjosecalderon\/wp-json\/wp\/v2\/posts"}],"about":[{"href":"https:\/\/blogsaverroes.juntadeandalucia.es\/ceipjosecalderon\/wp-json\/wp\/v2\/types\/post"}],"author":[{"embeddable":true,"href":"https:\/\/blogsaverroes.juntadeandalucia.es\/ceipjosecalderon\/wp-json\/wp\/v2\/users\/18127"}],"replies":[{"embeddable":true,"href":"https:\/\/blogsaverroes.juntadeandalucia.es\/ceipjosecalderon\/wp-json\/wp\/v2\/comments?post=5602"}],"version-history":[{"count":4,"href":"https:\/\/blogsaverroes.juntadeandalucia.es\/ceipjosecalderon\/wp-json\/wp\/v2\/posts\/5602\/revisions"}],"predecessor-version":[{"id":5609,"href":"https:\/\/blogsaverroes.juntadeandalucia.es\/ceipjosecalderon\/wp-json\/wp\/v2\/posts\/5602\/revisions\/5609"}],"wp:featuredmedia":[{"embeddable":true,"href":"https:\/\/blogsaverroes.juntadeandalucia.es\/ceipjosecalderon\/wp-json\/wp\/v2\/media\/5339"}],"wp:attachment":[{"href":"https:\/\/blogsaverroes.juntadeandalucia.es\/ceipjosecalderon\/wp-json\/wp\/v2\/media?parent=5602"}],"wp:term":[{"taxonomy":"category","embeddable":true,"href":"https:\/\/blogsaverroes.juntadeandalucia.es\/ceipjosecalderon\/wp-json\/wp\/v2\/categories?post=5602"},{"taxonomy":"post_tag","embeddable":true,"href":"https:\/\/blogsaverroes.juntadeandalucia.es\/ceipjosecalderon\/wp-json\/wp\/v2\/tags?post=5602"}],"curies":[{"name":"wp","href":"https:\/\/api.w.org\/{rel}","templated":true}]}}