{"id":5662,"date":"2024-06-12T20:05:48","date_gmt":"2024-06-12T18:05:48","guid":{"rendered":"https:\/\/blogsaverroes.juntadeandalucia.es\/ceipjosecalderon\/?p=5662"},"modified":"2024-06-24T20:05:04","modified_gmt":"2024-06-24T18:05:04","slug":"teatro-de-marionetas","status":"publish","type":"post","link":"https:\/\/blogsaverroes.juntadeandalucia.es\/ceipjosecalderon\/teatro-de-marionetas\/","title":{"rendered":"Teatro de marionetas"},"content":{"rendered":"<h2><b style=\"font-family: Arial, Tahoma, Helvetica, FreeSans, sans-serif;font-size: 14.85px;text-align: justify\">El martes 11 de junio en el Sal\u00f3n de Actos de nuestro colegio tuvo lugar una divertida representaci\u00f3n teatral con marionetas. La compa\u00f1\u00eda \u201c\u00c1ngeles de trapo\u201d hizo las delicias para nuestro alumnado de Infantil de 3 a\u00f1os, Infantil de 5 a\u00f1os, 1\u00ba y 2\u00ba en dos pases distintos. Fue muy divertido y lo pasaron en grande.<\/b><\/h2>\n<p>\/*! elementor &#8211; v3.21.0 &#8211; 15-04-2024 *\/<br \/>\n.elementor-widget-image{text-align:center}.elementor-widget-image a{display:inline-block}.elementor-widget-image a img[src$=&#8221;.svg&#8221;]{width:48px}.elementor-widget-image img{vertical-align:middle;display:inline-block} <a href=\"https:\/\/photos.app.goo.gl\/eRdof6hUrxRXqcrG8\"><br \/>\n<img loading=\"lazy\" decoding=\"async\" src=\"https:\/\/blogsaverroes.juntadeandalucia.es\/ceipjosecalderon\/files\/2024\/06\/Marionetas-11-06-2024-12-1024x768.jpg\" alt=\"\" width=\"1024\" height=\"768\"> <\/a><\/p>\n<h2><b style=\"font-family: Arial, Tahoma, Helvetica, FreeSans, sans-serif;font-size: 14.85px;text-align: center\"><b>&nbsp; &nbsp; &nbsp; &nbsp; &nbsp; &nbsp; &nbsp; &nbsp; &nbsp; &nbsp; &nbsp; &nbsp; &nbsp; &nbsp; &nbsp; &nbsp; &nbsp; &nbsp; &nbsp; &nbsp; &nbsp; &nbsp; &nbsp; &nbsp; &nbsp; &nbsp; &nbsp; &nbsp; &nbsp; &nbsp; &nbsp; &nbsp; &nbsp; &nbsp; &nbsp; &nbsp; &nbsp; &nbsp; &nbsp; &nbsp; &nbsp; &nbsp;<a href=\"https:\/\/photos.app.goo.gl\/eRdof6hUrxRXqcrG8\">Pulsa la imagen para ver las fotos<\/a><\/b><\/b><\/h2>\n","protected":false},"excerpt":{"rendered":"<p>El martes 11 de junio en el Sal\u00f3n de Actos de nuestro colegio tuvo lugar una divertida representaci\u00f3n teatral con marionetas. La compa\u00f1\u00eda \u201c\u00c1ngeles de trapo\u201d hizo las delicias para nuestro alumnado de Infantil de 3 a\u00f1os, Infantil de 5 a\u00f1os, 1\u00ba y 2\u00ba en dos pases distintos. Fue muy divertido y lo pasaron en [&hellip;]<\/p>\n","protected":false},"author":18127,"featured_media":5663,"comment_status":"closed","ping_status":"open","sticky":false,"template":"","format":"standard","meta":{"_et_pb_use_builder":"","_et_pb_old_content":"","_et_gb_content_width":"","ngg_post_thumbnail":0,"footnotes":""},"categories":[124,140,1,130],"tags":[],"aioseo_notices":[],"_links":{"self":[{"href":"https:\/\/blogsaverroes.juntadeandalucia.es\/ceipjosecalderon\/wp-json\/wp\/v2\/posts\/5662"}],"collection":[{"href":"https:\/\/blogsaverroes.juntadeandalucia.es\/ceipjosecalderon\/wp-json\/wp\/v2\/posts"}],"about":[{"href":"https:\/\/blogsaverroes.juntadeandalucia.es\/ceipjosecalderon\/wp-json\/wp\/v2\/types\/post"}],"author":[{"embeddable":true,"href":"https:\/\/blogsaverroes.juntadeandalucia.es\/ceipjosecalderon\/wp-json\/wp\/v2\/users\/18127"}],"replies":[{"embeddable":true,"href":"https:\/\/blogsaverroes.juntadeandalucia.es\/ceipjosecalderon\/wp-json\/wp\/v2\/comments?post=5662"}],"version-history":[{"count":4,"href":"https:\/\/blogsaverroes.juntadeandalucia.es\/ceipjosecalderon\/wp-json\/wp\/v2\/posts\/5662\/revisions"}],"predecessor-version":[{"id":5670,"href":"https:\/\/blogsaverroes.juntadeandalucia.es\/ceipjosecalderon\/wp-json\/wp\/v2\/posts\/5662\/revisions\/5670"}],"wp:featuredmedia":[{"embeddable":true,"href":"https:\/\/blogsaverroes.juntadeandalucia.es\/ceipjosecalderon\/wp-json\/wp\/v2\/media\/5663"}],"wp:attachment":[{"href":"https:\/\/blogsaverroes.juntadeandalucia.es\/ceipjosecalderon\/wp-json\/wp\/v2\/media?parent=5662"}],"wp:term":[{"taxonomy":"category","embeddable":true,"href":"https:\/\/blogsaverroes.juntadeandalucia.es\/ceipjosecalderon\/wp-json\/wp\/v2\/categories?post=5662"},{"taxonomy":"post_tag","embeddable":true,"href":"https:\/\/blogsaverroes.juntadeandalucia.es\/ceipjosecalderon\/wp-json\/wp\/v2\/tags?post=5662"}],"curies":[{"name":"wp","href":"https:\/\/api.w.org\/{rel}","templated":true}]}}