{"id":568,"date":"2023-04-01T21:59:00","date_gmt":"2023-04-01T19:59:00","guid":{"rendered":""},"modified":"2023-06-05T13:12:12","modified_gmt":"2023-06-05T11:12:12","slug":"procesion-de-semana-santa","status":"publish","type":"post","link":"https:\/\/blogsaverroes.juntadeandalucia.es\/ceipjosecalderon\/procesion-de-semana-santa\/","title":{"rendered":"Procesi\u00f3n de Semana Santa"},"content":{"rendered":"<p>&nbsp;<\/p>\n<p style=\"text-align: justify\"><b><span style=\"font-size: 12pt;line-height: 107%\">Organizada por nuestra AMPA<br \/>\nPiedra de la Torre, dentro de los eventos del 50 Aniversario, tuvo lugar la<br \/>\nProcesi\u00f3n de Semana Santa con los tronos de Ntro. Padre Jes\u00fas de los Ni\u00f1os y<br \/>\nNi\u00f1as y Ntra. Sra . de los Santos Inocentes.<\/span><\/b><\/p>\n<p style=\"text-align: justify\"><b><span style=\"font-size: 12pt;line-height: 107%\">Nuestra AMPA ha venido<br \/>\nprocesionando ambos tronos por el interior del colegio desde hace 11 a\u00f1os. La<br \/>\nComisi\u00f3n organizadora del 50 Aniversario solicit\u00f3 a la Junta de Distrito que se<br \/>\npudiera procesionar por la calle Jacob hasta la Parroquia Ntra. Sra. del<br \/>\nCarmen, permiso que obtuvimos, adem\u00e1s de la colaboraci\u00f3n de la Polic\u00eda Local<br \/>\npara el control del tr\u00e1fico rodado.<\/span><\/b><\/p>\n<p style=\"text-align: justify\"><b><span style=\"font-size: 12pt;line-height: 107%\">El mi\u00e9rcoles 29 de marzo a las<br \/>\n18:00 h. el Director de Distrito, Jos\u00e9 Miguel Ram\u00edrez, dio los primeros toques<br \/>\nde campana para dar comienzo a la procesi\u00f3n. Tambi\u00e9n estuvo presente nuestra<br \/>\nConcejala de Distrito, Mar Torres. La salida se realiz\u00f3 desde el edificio de<br \/>\nAdministraci\u00f3n de nuestro colegio, atravesando el pasillo del Edificio Aulario,<br \/>\ncallej\u00f3n del Centro Ciudadano Beltr\u00e1n Lucena, calle Jacob centro, calle Jacob<br \/>\nlateral izquierdo, hasta llegar al interior de la Parroquia, donde esperaba el<br \/>\np\u00e1rroco Vicente que bendijo los tronos. No falt\u00f3 ning\u00fan detalle: ni\u00f1as de<br \/>\nmantillas, ni\u00f1os legionarios, saetas, campanillas\u2026 El regreso se realiz\u00f3 por el<br \/>\nmismo lugar hasta el colegio.<\/span><\/b><\/p>\n<p style=\"text-align: justify\"><b><span style=\"font-size: 12pt;line-height: 107%\">La procesi\u00f3n la encabezaba la<br \/>\nCruz Gu\u00eda y Tambores portados por antiguo alumnado del colegio. A continuaci\u00f3n,<br \/>\nen la secci\u00f3n del Cristo, participaron 110 ni\u00f1os y ni\u00f1as de catequesis de<br \/>\nCampanillas, con sus catequistas, que prepararon las t\u00fanicas y las velas. En la<br \/>\nsecci\u00f3n de la Virgen procesionaron 80 alumnos y alumnas de nuestro colegio.<br \/>\nTras el trono de la Virgen iba la Banda de Cornetas y Tambores de OJE M\u00e1laga,<br \/>\nHogar Mediterr\u00e1neo, que colabor\u00f3 desinteresadamente. Ambos tronos fueron<br \/>\nportados por alumnado de 5\u00ba y 6\u00ba de nuestro colegio.<\/span><\/b><\/p>\n<p style=\"text-align: justify\"><b><span style=\"font-size: 12pt;line-height: 107%\">Nuestro agradecimiento a<br \/>\nnuestra activa AMPA que organiz\u00f3 el evento y a las entidades y personas<br \/>\ncolaboradoras y que ya hemos mencionado. <\/span><\/b><\/p>\n<p style=\"text-align: justify\"><b><span style=\"font-size: 12pt;line-height: 107%\">Ha constituido todo un \u00e9xito,<br \/>\ncon una gran afluencia de campanilleros y campanilleras a esta primera<br \/>\nProcesi\u00f3n de Semana Santa por las calles de nuestro barrio.<\/span><\/b><\/p>\n<p style=\"text-align: center\">&nbsp;<\/p>\n<div style=\"clear: both;text-align: center\"><b><a style=\"margin-left: 1em;margin-right: 1em\" href=\"https:\/\/www.flickr.com\/photos\/colegiojcalderon\/52785465867\/in\/album-72177720307188378\/\"><img loading=\"lazy\" decoding=\"async\" src=\"https:\/\/blogsaverroes.juntadeandalucia.es\/ceipjosecalderon\/files\/2023\/04\/Procesi-C3-B3n-20Semana-20Santa-20AMPA-2029-03-2023-20-1--300x225.jpg\" width=\"516\" height=\"387\" border=\"0\" data-original-height=\"3024\" data-original-width=\"4032\"><\/a><\/b><\/div>\n<p style=\"text-align: center\"><b><b style=\"text-align: justify\"><span style=\"background: white;color: #222222;font-size: 12pt;line-height: 107%\"><a href=\"https:\/\/photos.app.goo.gl\/bat3JktWAYvVFBTC8\">Pulsa la imagen para ver las fotos<\/a><\/span><\/b><\/b><\/p>\n<p style=\"text-align: center\"><b><span style=\"font-size: 12pt;line-height: 107%\">&nbsp;<\/span><\/b><\/p>\n<p style=\"text-align: center\">&nbsp;<\/p>\n<div style=\"clear: both;text-align: center\"><b><a style=\"margin-left: 1em;margin-right: 1em\" href=\"https:\/\/youtu.be\/TUm1YvNDTFI\"><img loading=\"lazy\" decoding=\"async\" src=\"https:\/\/blogsaverroes.juntadeandalucia.es\/ceipjosecalderon\/files\/2023\/04\/Procesi-C3-B3n-20Semana-20Santa-20AMPA-2029-03-2023-20-15--300x225.jpg\" width=\"514\" height=\"385\" border=\"0\" data-original-height=\"3024\" data-original-width=\"4032\"><\/a><\/b><\/div>\n<p style=\"text-align: center\"><b><span style=\"background: white;color: #222222;font-size: 12pt;line-height: 107%\">Pulsa<br \/>\nla imagen para ver el v\u00eddeo de la Procesi\u00f3n<\/span><\/b><b><\/b><\/p>\n<p>&nbsp;<\/p>\n","protected":false},"excerpt":{"rendered":"<p>&nbsp; Organizada por nuestra AMPA Piedra de la Torre, dentro de los eventos del 50 Aniversario, tuvo lugar la Procesi\u00f3n de Semana Santa con los tronos de Ntro. Padre Jes\u00fas de los Ni\u00f1os y Ni\u00f1as y Ntra. Sra . de los Santos Inocentes. Nuestra AMPA ha venido procesionando ambos tronos por el interior del colegio [&hellip;]<\/p>\n","protected":false},"author":18127,"featured_media":1940,"comment_status":"closed","ping_status":"open","sticky":false,"template":"","format":"standard","meta":{"_et_pb_use_builder":"","_et_pb_old_content":"","_et_gb_content_width":"","ngg_post_thumbnail":0,"footnotes":""},"categories":[96,1],"tags":[],"aioseo_notices":[],"_links":{"self":[{"href":"https:\/\/blogsaverroes.juntadeandalucia.es\/ceipjosecalderon\/wp-json\/wp\/v2\/posts\/568"}],"collection":[{"href":"https:\/\/blogsaverroes.juntadeandalucia.es\/ceipjosecalderon\/wp-json\/wp\/v2\/posts"}],"about":[{"href":"https:\/\/blogsaverroes.juntadeandalucia.es\/ceipjosecalderon\/wp-json\/wp\/v2\/types\/post"}],"author":[{"embeddable":true,"href":"https:\/\/blogsaverroes.juntadeandalucia.es\/ceipjosecalderon\/wp-json\/wp\/v2\/users\/18127"}],"replies":[{"embeddable":true,"href":"https:\/\/blogsaverroes.juntadeandalucia.es\/ceipjosecalderon\/wp-json\/wp\/v2\/comments?post=568"}],"version-history":[{"count":3,"href":"https:\/\/blogsaverroes.juntadeandalucia.es\/ceipjosecalderon\/wp-json\/wp\/v2\/posts\/568\/revisions"}],"predecessor-version":[{"id":3306,"href":"https:\/\/blogsaverroes.juntadeandalucia.es\/ceipjosecalderon\/wp-json\/wp\/v2\/posts\/568\/revisions\/3306"}],"wp:featuredmedia":[{"embeddable":true,"href":"https:\/\/blogsaverroes.juntadeandalucia.es\/ceipjosecalderon\/wp-json\/wp\/v2\/media\/1940"}],"wp:attachment":[{"href":"https:\/\/blogsaverroes.juntadeandalucia.es\/ceipjosecalderon\/wp-json\/wp\/v2\/media?parent=568"}],"wp:term":[{"taxonomy":"category","embeddable":true,"href":"https:\/\/blogsaverroes.juntadeandalucia.es\/ceipjosecalderon\/wp-json\/wp\/v2\/categories?post=568"},{"taxonomy":"post_tag","embeddable":true,"href":"https:\/\/blogsaverroes.juntadeandalucia.es\/ceipjosecalderon\/wp-json\/wp\/v2\/tags?post=568"}],"curies":[{"name":"wp","href":"https:\/\/api.w.org\/{rel}","templated":true}]}}