{"id":5703,"date":"2024-06-15T19:20:49","date_gmt":"2024-06-15T17:20:49","guid":{"rendered":"https:\/\/blogsaverroes.juntadeandalucia.es\/ceipjosecalderon\/?p=5703"},"modified":"2024-06-24T20:07:25","modified_gmt":"2024-06-24T18:07:25","slug":"todos-con-espana","status":"publish","type":"post","link":"https:\/\/blogsaverroes.juntadeandalucia.es\/ceipjosecalderon\/todos-con-espana\/","title":{"rendered":"Todos con Espa\u00f1a"},"content":{"rendered":"<p>\/*! elementor &#8211; v3.21.0 &#8211; 15-04-2024 *\/<br \/>\n.elementor-heading-title{padding:0;margin:0;line-height:1}.elementor-widget-heading .elementor-heading-title[class*=elementor-size-]&gt;a{color:inherit;font-size:inherit;line-height:inherit}.elementor-widget-heading .elementor-heading-title.elementor-size-small{font-size:15px}.elementor-widget-heading .elementor-heading-title.elementor-size-medium{font-size:19px}.elementor-widget-heading .elementor-heading-title.elementor-size-large{font-size:29px}.elementor-widget-heading .elementor-heading-title.elementor-size-xl{font-size:39px}.elementor-widget-heading .elementor-heading-title.elementor-size-xxl{font-size:59px}<\/p>\n<h2><b style=\"font-family: Arial, Tahoma, Helvetica, FreeSans, sans-serif;font-size: 14.85px;text-align: justify\">El viernes 14 de junio gran parte de nuestro alumnado acudi\u00f3 al colegio con la camiseta de la Selecci\u00f3n Espa\u00f1ola para desearle suerte en la Eurocopa de f\u00fatbol que comienza el mismo viernes 14. Su estreno ser\u00e1 ante Croacia el s\u00e1bado 15 de junio. Tambi\u00e9n con el gesto de la camiseta de la Roja quieren apoyar a hombres y mujeres que competir\u00e1n en las distintas disciplinas deportivas en los Juegos Ol\u00edmpicos que se celebrar\u00e1n este verano de 2024 en Par\u00eds.<\/b><\/h2>\n<p>\/*! elementor &#8211; v3.21.0 &#8211; 15-04-2024 *\/<br \/>\n.elementor-widget-image{text-align:center}.elementor-widget-image a{display:inline-block}.elementor-widget-image a img[src$=&#8221;.svg&#8221;]{width:48px}.elementor-widget-image img{vertical-align:middle;display:inline-block} <img loading=\"lazy\" decoding=\"async\" src=\"https:\/\/blogsaverroes.juntadeandalucia.es\/ceipjosecalderon\/files\/2024\/06\/Espana-14-06-2024.jpg\" alt=\"\" width=\"627\" height=\"327\"><br \/>\n<img loading=\"lazy\" decoding=\"async\" src=\"https:\/\/blogsaverroes.juntadeandalucia.es\/ceipjosecalderon\/files\/2024\/06\/Malaga-y-Espana-14-06-2024.jpg\" alt=\"\" width=\"618\" height=\"435\"><\/p>\n<h2><b style=\"font-family: Arial, Tahoma, Helvetica, FreeSans, sans-serif;font-size: 14.85px;text-align: center\"><b>&nbsp; &nbsp; &nbsp; &nbsp; &nbsp; &nbsp; &nbsp; &nbsp; &nbsp; &nbsp; &nbsp; &nbsp; &nbsp; &nbsp; &nbsp; &nbsp; &nbsp; &nbsp; &nbsp; &nbsp; &nbsp; &nbsp; &nbsp; &nbsp; V\u00edctor con camiseta de Espa\u00f1a e Ian con camiseta del M\u00e1laga CF<\/b><\/b><\/h2>\n","protected":false},"excerpt":{"rendered":"<p>\/*! elementor &#8211; v3.21.0 &#8211; 15-04-2024 *\/ .elementor-heading-title{padding:0;margin:0;line-height:1}.elementor-widget-heading .elementor-heading-title[class*=elementor-size-]&gt;a{color:inherit;font-size:inherit;line-height:inherit}.elementor-widget-heading .elementor-heading-title.elementor-size-small{font-size:15px}.elementor-widget-heading .elementor-heading-title.elementor-size-medium{font-size:19px}.elementor-widget-heading .elementor-heading-title.elementor-size-large{font-size:29px}.elementor-widget-heading .elementor-heading-title.elementor-size-xl{font-size:39px}.elementor-widget-heading .elementor-heading-title.elementor-size-xxl{font-size:59px} El viernes 14 de junio gran parte de nuestro alumnado acudi\u00f3 al colegio con la camiseta de la Selecci\u00f3n Espa\u00f1ola para desearle suerte en la Eurocopa de f\u00fatbol que comienza el mismo viernes 14. Su estreno ser\u00e1 ante Croacia el s\u00e1bado [&hellip;]<\/p>\n","protected":false},"author":18127,"featured_media":5713,"comment_status":"closed","ping_status":"open","sticky":false,"template":"","format":"standard","meta":{"_et_pb_use_builder":"","_et_pb_old_content":"","_et_gb_content_width":"","ngg_post_thumbnail":0,"footnotes":""},"categories":[124,1,130],"tags":[],"aioseo_notices":[],"_links":{"self":[{"href":"https:\/\/blogsaverroes.juntadeandalucia.es\/ceipjosecalderon\/wp-json\/wp\/v2\/posts\/5703"}],"collection":[{"href":"https:\/\/blogsaverroes.juntadeandalucia.es\/ceipjosecalderon\/wp-json\/wp\/v2\/posts"}],"about":[{"href":"https:\/\/blogsaverroes.juntadeandalucia.es\/ceipjosecalderon\/wp-json\/wp\/v2\/types\/post"}],"author":[{"embeddable":true,"href":"https:\/\/blogsaverroes.juntadeandalucia.es\/ceipjosecalderon\/wp-json\/wp\/v2\/users\/18127"}],"replies":[{"embeddable":true,"href":"https:\/\/blogsaverroes.juntadeandalucia.es\/ceipjosecalderon\/wp-json\/wp\/v2\/comments?post=5703"}],"version-history":[{"count":4,"href":"https:\/\/blogsaverroes.juntadeandalucia.es\/ceipjosecalderon\/wp-json\/wp\/v2\/posts\/5703\/revisions"}],"predecessor-version":[{"id":5714,"href":"https:\/\/blogsaverroes.juntadeandalucia.es\/ceipjosecalderon\/wp-json\/wp\/v2\/posts\/5703\/revisions\/5714"}],"wp:featuredmedia":[{"embeddable":true,"href":"https:\/\/blogsaverroes.juntadeandalucia.es\/ceipjosecalderon\/wp-json\/wp\/v2\/media\/5713"}],"wp:attachment":[{"href":"https:\/\/blogsaverroes.juntadeandalucia.es\/ceipjosecalderon\/wp-json\/wp\/v2\/media?parent=5703"}],"wp:term":[{"taxonomy":"category","embeddable":true,"href":"https:\/\/blogsaverroes.juntadeandalucia.es\/ceipjosecalderon\/wp-json\/wp\/v2\/categories?post=5703"},{"taxonomy":"post_tag","embeddable":true,"href":"https:\/\/blogsaverroes.juntadeandalucia.es\/ceipjosecalderon\/wp-json\/wp\/v2\/tags?post=5703"}],"curies":[{"name":"wp","href":"https:\/\/api.w.org\/{rel}","templated":true}]}}