{"id":586,"date":"2022-06-11T09:27:00","date_gmt":"2022-06-11T07:27:00","guid":{"rendered":"https:\/\/blogsaverroes.juntadeandalucia.es\/ceipjosecalderon\/aupa-espana\/"},"modified":"2023-06-02T11:48:25","modified_gmt":"2023-06-02T09:48:25","slug":"aupa-espana","status":"publish","type":"post","link":"https:\/\/blogsaverroes.juntadeandalucia.es\/ceipjosecalderon\/aupa-espana\/","title":{"rendered":"\u00a1A\u00fapa Espa\u00f1a!"},"content":{"rendered":"<p style=\"text-align: left\">\n<p style=\"text-align: justify\"><b><span style=\",sans-serif;font-size: 12.0pt;line-height: 107%\">El jueves 9 de junio gran<br \/>\nparte de nuestro alumnado acudi\u00f3 al colegio con camisetas rojas para dar apoyo<br \/>\na Espa\u00f1a. El pr\u00f3ximo domingo 12 de junio, en el Estadio La Rosaleda de M\u00e1laga<br \/>\njugar\u00e1n Espa\u00f1a y Rep\u00fablica Checa un partido de f\u00fatbol de la Liga de Naciones. Las<br \/>\nentradas para este importante evento se vendieron en muy pocas horas y solo<br \/>\nunos pocos alumnos\/as podr\u00e1n acudir con sus familias. El resto han querido dar<br \/>\nde esta manera su apoyo a nuestra Selecci\u00f3n Nacional de F\u00fatbol en su visita a<br \/>\nnuestra ciudad. \u00a1A\u00fapa Espa\u00f1a!<\/span><\/b><\/p>\n<div style=\"clear: both;text-align: center\"><a href=\"https:\/\/www.flickr.com\/photos\/colegiojcalderon\/52137936979\/in\/album-72177720299702206\/\" style=\"margin-left: 1em;margin-right: 1em\"><img loading=\"lazy\" decoding=\"async\" border=\"0\" data-original-height=\"768\" data-original-width=\"1600\" height=\"242\" src=\"https:\/\/blogger.googleusercontent.com\/img\/b\/R29vZ2xl\/AVvXsEiViSgh61evGsBBZAv91WPciPBqFIUxunDH32U7zJ65xvD3ekeqijM_13QQ4I8P3NvFnpn2wgEyciciqzo7HZNvmLSgyPlc0XIyQLQ4xxcoZDlLUvQmSaWtaVPhFINgXtFan1IogZHV68tbFz02HsKC2j9I1kVHDN40G2zaJ3JqqSDJLFw6VMIxfSe8\/w504-h242\/Animando%20a%20Espa%C3%B1a%2009-06-2022%20(1).jpg\" width=\"504\" \/><\/a><\/div>\n<p><\/p>\n<div style=\"text-align: center\">\n<p style=\"text-align: center\"><b><span style=\",sans-serif;font-size: 12.0pt;line-height: 107%\"><a href=\"https:\/\/photos.app.goo.gl\/13T2h3ZMoLQxT11NA\">Pulsa la imagen para ver las fotos<\/a><\/span><\/b><\/p>\n<p><\/div><\/p>\n","protected":false},"excerpt":{"rendered":"<p>El jueves 9 de junio gran parte de nuestro alumnado acudi\u00f3 al colegio con camisetas rojas para dar apoyo a Espa\u00f1a. El pr\u00f3ximo domingo 12 de junio, en el Estadio La Rosaleda de M\u00e1laga jugar\u00e1n Espa\u00f1a y Rep\u00fablica Checa un partido de f\u00fatbol de la Liga de Naciones. Las entradas para este importante evento se [&hellip;]<\/p>\n","protected":false},"author":18127,"featured_media":0,"comment_status":"closed","ping_status":"open","sticky":false,"template":"","format":"standard","meta":{"_et_pb_use_builder":"","_et_pb_old_content":"","_et_gb_content_width":"","ngg_post_thumbnail":0,"footnotes":""},"categories":[107,1],"tags":[],"aioseo_notices":[],"_links":{"self":[{"href":"https:\/\/blogsaverroes.juntadeandalucia.es\/ceipjosecalderon\/wp-json\/wp\/v2\/posts\/586"}],"collection":[{"href":"https:\/\/blogsaverroes.juntadeandalucia.es\/ceipjosecalderon\/wp-json\/wp\/v2\/posts"}],"about":[{"href":"https:\/\/blogsaverroes.juntadeandalucia.es\/ceipjosecalderon\/wp-json\/wp\/v2\/types\/post"}],"author":[{"embeddable":true,"href":"https:\/\/blogsaverroes.juntadeandalucia.es\/ceipjosecalderon\/wp-json\/wp\/v2\/users\/18127"}],"replies":[{"embeddable":true,"href":"https:\/\/blogsaverroes.juntadeandalucia.es\/ceipjosecalderon\/wp-json\/wp\/v2\/comments?post=586"}],"version-history":[{"count":1,"href":"https:\/\/blogsaverroes.juntadeandalucia.es\/ceipjosecalderon\/wp-json\/wp\/v2\/posts\/586\/revisions"}],"predecessor-version":[{"id":2149,"href":"https:\/\/blogsaverroes.juntadeandalucia.es\/ceipjosecalderon\/wp-json\/wp\/v2\/posts\/586\/revisions\/2149"}],"wp:attachment":[{"href":"https:\/\/blogsaverroes.juntadeandalucia.es\/ceipjosecalderon\/wp-json\/wp\/v2\/media?parent=586"}],"wp:term":[{"taxonomy":"category","embeddable":true,"href":"https:\/\/blogsaverroes.juntadeandalucia.es\/ceipjosecalderon\/wp-json\/wp\/v2\/categories?post=586"},{"taxonomy":"post_tag","embeddable":true,"href":"https:\/\/blogsaverroes.juntadeandalucia.es\/ceipjosecalderon\/wp-json\/wp\/v2\/tags?post=586"}],"curies":[{"name":"wp","href":"https:\/\/api.w.org\/{rel}","templated":true}]}}