{"id":588,"date":"2022-05-28T10:20:00","date_gmt":"2022-05-28T08:20:00","guid":{"rendered":"https:\/\/blogsaverroes.juntadeandalucia.es\/ceipjosecalderon\/programa-andalucia-profundiza\/"},"modified":"2023-06-02T11:48:55","modified_gmt":"2023-06-02T09:48:55","slug":"programa-andalucia-profundiza","status":"publish","type":"post","link":"https:\/\/blogsaverroes.juntadeandalucia.es\/ceipjosecalderon\/programa-andalucia-profundiza\/","title":{"rendered":"Programa Andaluc\u00eda Profundiza"},"content":{"rendered":"<p style=\"text-align: justify\"><b style=\"text-align: justify\"><span style=\"font-size: 12pt;line-height: 107%\">Lleg\u00f3 a su fin el Programa<br \/>\nAndaluc\u00eda Profundiza. Este programa es una de las se\u00f1as de identidad de nuestro<br \/>\ncolegio. Desde el curso 2011\/2012 hasta el actual 2021\/2022 siempre lo hemos<br \/>\nrealizado, a excepci\u00f3n del curso 2019\/2020 debido al confinamiento provocado<br \/>\npor la COVID-19 (en el que solo pudimos dar una sesi\u00f3n). Este curso lo hemos<br \/>\nrealizado con el proyecto \u201cDise\u00f1o de agenda escolar: 10 meses de\u2026\u201d Las maestras<br \/>\ntutoras han sido Roc\u00edo Triguero, Yolanda Mart\u00edn y Nandi Cobo. Hemos participado<br \/>\ncon dos grupos: modalidad A con 15 alumnos\/as de 3\u00ba y 4\u00ba y modalidad B con 15<br \/>\nalumnos\/as de 5\u00ba y 6\u00ba. Les agradecemos a profesorado y alumnado su dedicaci\u00f3n y<br \/>\nbuen trabajo realizado.<\/span><\/b><\/p>\n<p style=\"text-align: justify\"><b><span style=\"font-size: 12pt;line-height: 107%\">En estos v\u00eddeos el alumnado de<br \/>\n3\u00ba y 4\u00ba de Primaria nos informa de c\u00f3mo han trabajado y sus impresiones personales sobre el programa. Tambi\u00e9n un montaje audiovisual con las fotos.<\/span><\/b><\/p>\n<p style=\"text-align: center\"><b><\/b><\/p>\n<div style=\"clear: both;text-align: center\"><b><a href=\"https:\/\/youtu.be\/k4eoAAI0hds\" style=\"margin-left: 1em;margin-right: 1em\"><img loading=\"lazy\" decoding=\"async\" border=\"0\" data-original-height=\"1200\" data-original-width=\"1600\" height=\"381\" src=\"https:\/\/blogger.googleusercontent.com\/img\/b\/R29vZ2xl\/AVvXsEiMlXHNMJSuF2Qvk0zxcdYh6nvmqnaV3RJw7aKMkq0LYL12bm3vsL_te9hpndeAYgTiky02Oa1X-yxoYIJ1plhKZAG5afvIrg142Z1o6hOXCO8sP6fAaLM69NUj0p31H7R7i8abs-oDPSq9LXCvzoFTmRoSWNBM57XpR56iwNp6v1OVjWQTrkbmtMSV\/w510-h381\/Andaluc%C3%ADa%20Profundiza%2027-05-2022%20(8).jpg\" width=\"510\" \/><\/a><\/b><\/div>\n<p style=\"text-align: center\"><b><span style=\"font-size: 12pt;line-height: 107%\">Pulsa la imagen para ver el<br \/>\nv\u00eddeo del grupo de Modalidad A<\/span><\/b><\/p>\n<p style=\"text-align: center\"><b><span style=\"font-size: 12pt;line-height: 107%\"><br \/><\/span><\/b><\/p>\n<p style=\"text-align: center\"><b><\/b><\/p>\n<div style=\"clear: both;text-align: center\"><b><object height=\"425\" width=\"512\"><\/object><\/b><\/div>\n<p><b><\/p>\n<div style=\"text-align: center\"><b><span style=\"font-size: 12pt;line-height: 107%\">Pulsa la imagen para ver el montaje de fotos<\/span><\/b><\/div>\n<p><\/b><\/p>\n<p style=\"text-align: center\"><b><span style=\"font-size: 12pt;line-height: 107%\"><br \/><\/span><\/b><\/p>\n<p style=\"text-align: center\"><b><\/b><\/p>\n<div style=\"clear: both;text-align: center\"><b><object height=\"419\" width=\"504\"><\/object><\/b><\/div>\n<p><b><\/p>\n<div style=\"text-align: center\"><b><span style=\"font-size: 12pt;line-height: 107%\">Pulsa la imagen para ver las impresiones de nuestro alumnado de Modalidad A<\/span><\/b><\/div>\n<p><\/b><\/p>\n<p><\/p>\n<div style=\"clear: both;text-align: center\"><a href=\"https:\/\/youtu.be\/CMwEcJt33-s\" style=\"margin-left: 1em;margin-right: 1em\"><img loading=\"lazy\" decoding=\"async\" border=\"0\" data-original-height=\"958\" data-original-width=\"1703\" height=\"283\" src=\"https:\/\/blogger.googleusercontent.com\/img\/b\/R29vZ2xl\/AVvXsEgicIHsWcW4UmIQH9UAnmkKkJ9QHzRFpuo7ZpuLuExQs11PPhcJ24E_uNCzFesNH8yTN-EZLgHT9J80jVW92zLapolcPELECokrNzjdIhRBD53G56T-4daXYxqdzQ2Ng77jy3Ff4Iumm0XOebgwGXd9-Dbx6Z0iN0xYphwmycjMt0wAYjFv2gccS7yh\/w503-h283\/Andaluc%C3%ADa%20Profundiza%2027-05-2022%20(4).jpg\" width=\"503\" \/><\/a><\/div>\n<p><\/p>\n<p style=\"text-align: center\"><b><span style=\",sans-serif;font-size: 12.0pt;line-height: 107%\">Pulsa la imagen para ver el v\u00eddeo del grupo de Modalidad<br \/>\nB<\/span><\/b><\/p>\n<p><\/p>\n","protected":false},"excerpt":{"rendered":"<p>Lleg\u00f3 a su fin el Programa Andaluc\u00eda Profundiza. Este programa es una de las se\u00f1as de identidad de nuestro colegio. Desde el curso 2011\/2012 hasta el actual 2021\/2022 siempre lo hemos realizado, a excepci\u00f3n del curso 2019\/2020 debido al confinamiento provocado por la COVID-19 (en el que solo pudimos dar una sesi\u00f3n). Este curso lo [&hellip;]<\/p>\n","protected":false},"author":18127,"featured_media":0,"comment_status":"closed","ping_status":"open","sticky":false,"template":"","format":"standard","meta":{"_et_pb_use_builder":"","_et_pb_old_content":"","_et_gb_content_width":"","ngg_post_thumbnail":0,"footnotes":""},"categories":[107,1],"tags":[],"aioseo_notices":[],"_links":{"self":[{"href":"https:\/\/blogsaverroes.juntadeandalucia.es\/ceipjosecalderon\/wp-json\/wp\/v2\/posts\/588"}],"collection":[{"href":"https:\/\/blogsaverroes.juntadeandalucia.es\/ceipjosecalderon\/wp-json\/wp\/v2\/posts"}],"about":[{"href":"https:\/\/blogsaverroes.juntadeandalucia.es\/ceipjosecalderon\/wp-json\/wp\/v2\/types\/post"}],"author":[{"embeddable":true,"href":"https:\/\/blogsaverroes.juntadeandalucia.es\/ceipjosecalderon\/wp-json\/wp\/v2\/users\/18127"}],"replies":[{"embeddable":true,"href":"https:\/\/blogsaverroes.juntadeandalucia.es\/ceipjosecalderon\/wp-json\/wp\/v2\/comments?post=588"}],"version-history":[{"count":1,"href":"https:\/\/blogsaverroes.juntadeandalucia.es\/ceipjosecalderon\/wp-json\/wp\/v2\/posts\/588\/revisions"}],"predecessor-version":[{"id":2156,"href":"https:\/\/blogsaverroes.juntadeandalucia.es\/ceipjosecalderon\/wp-json\/wp\/v2\/posts\/588\/revisions\/2156"}],"wp:attachment":[{"href":"https:\/\/blogsaverroes.juntadeandalucia.es\/ceipjosecalderon\/wp-json\/wp\/v2\/media?parent=588"}],"wp:term":[{"taxonomy":"category","embeddable":true,"href":"https:\/\/blogsaverroes.juntadeandalucia.es\/ceipjosecalderon\/wp-json\/wp\/v2\/categories?post=588"},{"taxonomy":"post_tag","embeddable":true,"href":"https:\/\/blogsaverroes.juntadeandalucia.es\/ceipjosecalderon\/wp-json\/wp\/v2\/tags?post=588"}],"curies":[{"name":"wp","href":"https:\/\/api.w.org\/{rel}","templated":true}]}}