{"id":621,"date":"2021-06-16T00:33:00","date_gmt":"2021-06-15T22:33:00","guid":{"rendered":"https:\/\/blogsaverroes.juntadeandalucia.es\/ceipjosecalderon\/nuestro-alumnado-con-espana\/"},"modified":"2023-06-02T12:37:12","modified_gmt":"2023-06-02T10:37:12","slug":"nuestro-alumnado-con-espana","status":"publish","type":"post","link":"https:\/\/blogsaverroes.juntadeandalucia.es\/ceipjosecalderon\/nuestro-alumnado-con-espana\/","title":{"rendered":"Nuestro alumnado con Espa\u00f1a"},"content":{"rendered":"<p style=\"text-align: justify\"><b><span style=\",sans-serif;font-size: 12.0pt;line-height: 107%\">Coincidiendo con el comienzo<br \/>\nde la Eurocopa de f\u00fatbol, nuestro alumnado quiso enviar un mensaje de apoyo a<br \/>\nnuestra selecci\u00f3n nacional, como siempre tenemos costumbre de hacer con cada<br \/>\nMundial o Eurocopa. <\/span><\/b><\/p>\n<p style=\"text-align: justify\"><b><span style=\",sans-serif;font-size: 12.0pt;line-height: 107%\">Aqu\u00ed pueden ver la foto de<br \/>\nnuestro alumnado de Primaria animando a \u201cla Roja\u201d en la Pista de la Paloma.<\/span><\/b><\/p>\n<p style=\"text-align: justify\"><b><span style=\",sans-serif;font-size: 12.0pt;line-height: 107%\">En la secci\u00f3n \u201cCosas de mi<br \/>\nCole 2020\/2021\u201d pueden ver cada una de nuestras unidades en la foto de grupo. <\/span><\/b><\/p>\n<\/p>\n<p align=\"center\" style=\"text-align: center\"><b><span style=\",sans-serif;font-size: 12.0pt;line-height: 107%\">\u00a1\u00a1Aupa<br \/>\nEspa\u00f1a!!<\/span><\/b><\/p>\n<p style=\"text-align: center\"><b><span style=\"font-size: 12pt;line-height: 107%\"><br \/><\/span><\/b><\/p>\n<div style=\"clear: both;text-align: center\"><a href=\"https:\/\/1.bp.blogspot.com\/-DpG3sVy8trU\/YMkqk5wefSI\/AAAAAAAA4iI\/r8ZHqSXC0QQaHQWJqBailYEUOmvxdnpMACLcBGAsYHQ\/s2048\/0.jpg\" style=\"margin-left: 1em;margin-right: 1em\"><img loading=\"lazy\" decoding=\"async\" border=\"0\" data-original-height=\"1152\" data-original-width=\"2048\" height=\"284\" src=\"https:\/\/1.bp.blogspot.com\/-DpG3sVy8trU\/YMkqk5wefSI\/AAAAAAAA4iI\/r8ZHqSXC0QQaHQWJqBailYEUOmvxdnpMACLcBGAsYHQ\/w504-h284\/0.jpg\" width=\"504\" \/><\/a><\/div><\/p>\n","protected":false},"excerpt":{"rendered":"<p>Coincidiendo con el comienzo de la Eurocopa de f\u00fatbol, nuestro alumnado quiso enviar un mensaje de apoyo a nuestra selecci\u00f3n nacional, como siempre tenemos costumbre de hacer con cada Mundial o Eurocopa. Aqu\u00ed pueden ver la foto de nuestro alumnado de Primaria animando a \u201cla Roja\u201d en la Pista de la Paloma. En la secci\u00f3n [&hellip;]<\/p>\n","protected":false},"author":18127,"featured_media":0,"comment_status":"closed","ping_status":"open","sticky":false,"template":"","format":"standard","meta":{"_et_pb_use_builder":"","_et_pb_old_content":"","_et_gb_content_width":"","ngg_post_thumbnail":0,"footnotes":""},"categories":[106,1],"tags":[],"aioseo_notices":[],"_links":{"self":[{"href":"https:\/\/blogsaverroes.juntadeandalucia.es\/ceipjosecalderon\/wp-json\/wp\/v2\/posts\/621"}],"collection":[{"href":"https:\/\/blogsaverroes.juntadeandalucia.es\/ceipjosecalderon\/wp-json\/wp\/v2\/posts"}],"about":[{"href":"https:\/\/blogsaverroes.juntadeandalucia.es\/ceipjosecalderon\/wp-json\/wp\/v2\/types\/post"}],"author":[{"embeddable":true,"href":"https:\/\/blogsaverroes.juntadeandalucia.es\/ceipjosecalderon\/wp-json\/wp\/v2\/users\/18127"}],"replies":[{"embeddable":true,"href":"https:\/\/blogsaverroes.juntadeandalucia.es\/ceipjosecalderon\/wp-json\/wp\/v2\/comments?post=621"}],"version-history":[{"count":1,"href":"https:\/\/blogsaverroes.juntadeandalucia.es\/ceipjosecalderon\/wp-json\/wp\/v2\/posts\/621\/revisions"}],"predecessor-version":[{"id":2197,"href":"https:\/\/blogsaverroes.juntadeandalucia.es\/ceipjosecalderon\/wp-json\/wp\/v2\/posts\/621\/revisions\/2197"}],"wp:attachment":[{"href":"https:\/\/blogsaverroes.juntadeandalucia.es\/ceipjosecalderon\/wp-json\/wp\/v2\/media?parent=621"}],"wp:term":[{"taxonomy":"category","embeddable":true,"href":"https:\/\/blogsaverroes.juntadeandalucia.es\/ceipjosecalderon\/wp-json\/wp\/v2\/categories?post=621"},{"taxonomy":"post_tag","embeddable":true,"href":"https:\/\/blogsaverroes.juntadeandalucia.es\/ceipjosecalderon\/wp-json\/wp\/v2\/tags?post=621"}],"curies":[{"name":"wp","href":"https:\/\/api.w.org\/{rel}","templated":true}]}}