{"id":628,"date":"2021-02-21T14:16:00","date_gmt":"2021-02-21T13:16:00","guid":{"rendered":"https:\/\/blogsaverroes.juntadeandalucia.es\/ceipjosecalderon\/dia-de-andalucia-2021\/"},"modified":"2023-06-02T12:39:37","modified_gmt":"2023-06-02T10:39:37","slug":"dia-de-andalucia-2021","status":"publish","type":"post","link":"https:\/\/blogsaverroes.juntadeandalucia.es\/ceipjosecalderon\/dia-de-andalucia-2021\/","title":{"rendered":"D\u00eda de Andaluc\u00eda 2021"},"content":{"rendered":"<div>\n<p style=\"text-align: justify\"><b><span style=\"font-size: 12pt;line-height: 107%\">El viernes 19 de febrero de<br \/>\n2021 celebramos el D\u00eda de Andaluc\u00eda en nuestro colegio. Se entregaron los<br \/>\ndiplomas del Concurso de Dibujo \u201cAndaluc\u00eda nuestra\u201d, coordinado por el Equipo<br \/>\nde Orientaci\u00f3n. La AMPA Piedra de la Torre organiz\u00f3 una exposici\u00f3n sobre<br \/>\nAndaluc\u00eda y explic\u00f3 su contenido al alumnado. En el acto central, ante las banderas<br \/>\nizadas de Europa, Espa\u00f1a, Andaluc\u00eda y M\u00e1laga, son\u00f3 el himno de Andaluc\u00eda. El<br \/>\nalumnado de tercer ciclo interpret\u00f3 el himno de Andaluc\u00eda con flautas. Este<br \/>\nv\u00eddeo recoge los momentos m\u00e1s significativos. En la secci\u00f3n \u201cCosas de mi cole<br \/>\n2020\/2021\u201d pueden ver el reportaje fotogr\u00e1fico entero.<\/span><\/b><\/p>\n<\/div>\n<div style=\"text-align: center\">&nbsp; &nbsp; &nbsp; &nbsp; &nbsp; &nbsp; &nbsp; &nbsp; &nbsp; &nbsp; &nbsp; &nbsp; &nbsp; &nbsp; &nbsp;&nbsp;<iframe loading=\"lazy\" frameborder=\"0\" height=\"270\" src=\"https:\/\/youtube.com\/embed\/TPKJKOP1GX8\" width=\"480\"><\/iframe><\/div>\n","protected":false},"excerpt":{"rendered":"<p>El viernes 19 de febrero de 2021 celebramos el D\u00eda de Andaluc\u00eda en nuestro colegio. Se entregaron los diplomas del Concurso de Dibujo \u201cAndaluc\u00eda nuestra\u201d, coordinado por el Equipo de Orientaci\u00f3n. La AMPA Piedra de la Torre organiz\u00f3 una exposici\u00f3n sobre Andaluc\u00eda y explic\u00f3 su contenido al alumnado. En el acto central, ante las banderas [&hellip;]<\/p>\n","protected":false},"author":18127,"featured_media":0,"comment_status":"closed","ping_status":"open","sticky":false,"template":"","format":"standard","meta":{"_et_pb_use_builder":"","_et_pb_old_content":"","_et_gb_content_width":"","ngg_post_thumbnail":0,"footnotes":""},"categories":[106,1],"tags":[],"aioseo_notices":[],"_links":{"self":[{"href":"https:\/\/blogsaverroes.juntadeandalucia.es\/ceipjosecalderon\/wp-json\/wp\/v2\/posts\/628"}],"collection":[{"href":"https:\/\/blogsaverroes.juntadeandalucia.es\/ceipjosecalderon\/wp-json\/wp\/v2\/posts"}],"about":[{"href":"https:\/\/blogsaverroes.juntadeandalucia.es\/ceipjosecalderon\/wp-json\/wp\/v2\/types\/post"}],"author":[{"embeddable":true,"href":"https:\/\/blogsaverroes.juntadeandalucia.es\/ceipjosecalderon\/wp-json\/wp\/v2\/users\/18127"}],"replies":[{"embeddable":true,"href":"https:\/\/blogsaverroes.juntadeandalucia.es\/ceipjosecalderon\/wp-json\/wp\/v2\/comments?post=628"}],"version-history":[{"count":1,"href":"https:\/\/blogsaverroes.juntadeandalucia.es\/ceipjosecalderon\/wp-json\/wp\/v2\/posts\/628\/revisions"}],"predecessor-version":[{"id":2204,"href":"https:\/\/blogsaverroes.juntadeandalucia.es\/ceipjosecalderon\/wp-json\/wp\/v2\/posts\/628\/revisions\/2204"}],"wp:attachment":[{"href":"https:\/\/blogsaverroes.juntadeandalucia.es\/ceipjosecalderon\/wp-json\/wp\/v2\/media?parent=628"}],"wp:term":[{"taxonomy":"category","embeddable":true,"href":"https:\/\/blogsaverroes.juntadeandalucia.es\/ceipjosecalderon\/wp-json\/wp\/v2\/categories?post=628"},{"taxonomy":"post_tag","embeddable":true,"href":"https:\/\/blogsaverroes.juntadeandalucia.es\/ceipjosecalderon\/wp-json\/wp\/v2\/tags?post=628"}],"curies":[{"name":"wp","href":"https:\/\/api.w.org\/{rel}","templated":true}]}}