{"id":646,"date":"2020-04-28T19:12:00","date_gmt":"2020-04-28T17:12:00","guid":{"rendered":"https:\/\/blogsaverroes.juntadeandalucia.es\/ceipjosecalderon\/superheroes-de-hoy\/"},"modified":"2023-06-02T12:44:59","modified_gmt":"2023-06-02T10:44:59","slug":"superheroes-de-hoy","status":"publish","type":"post","link":"https:\/\/blogsaverroes.juntadeandalucia.es\/ceipjosecalderon\/superheroes-de-hoy\/","title":{"rendered":"Superh\u00e9roes de hoy"},"content":{"rendered":"<div style=\"text-align: justify\">\n<b><span style=\", sans-serif;font-size: 12.0pt;line-height: 107%\">Este v\u00eddeo ha sido realizado&nbsp;por Lorena Molero Mart\u00edn, alumna de 5\u00ba A de nuestro colegio. Se titula&nbsp;\u201cSuperh\u00e9roes de hoy\u201d y trata de las personas que ella conoce que est\u00e1n&nbsp;actuando como verdaderos superh\u00e9roes durante el Estado de Alarma que vivimos en&nbsp;Espa\u00f1a. Es un trabajo propuesto por Raquel Mart\u00edn, nuestra maestra de C.A.R. y que Elsa V\u00edlchez, tutora de 5\u00ba A, ha mandado a toda la clase,&nbsp;dentro del \u00e1rea de Educaci\u00f3n para la Ciudadan\u00eda. Enhorabuena.<\/span><\/b><\/div>\n<p>\n&nbsp; &nbsp; &nbsp; &nbsp; &nbsp; &nbsp; &nbsp; &nbsp;<iframe loading=\"lazy\" frameborder=\"0\" height=\"270\" src=\"https:\/\/www.youtube.com\/embed\/d0qv4OPxKIg\" width=\"480\"><\/iframe><\/p>\n<div style=\"text-align: center\">\n<b style=\"text-align: justify\"><span style=\", sans-serif;font-size: 12.0pt;line-height: 107%\">Pulsa la imagen para ver el&nbsp;v\u00eddeo<\/span><\/b><\/div>\n<p><\/p>\n","protected":false},"excerpt":{"rendered":"<p>Este v\u00eddeo ha sido realizado&nbsp;por Lorena Molero Mart\u00edn, alumna de 5\u00ba A de nuestro colegio. Se titula&nbsp;\u201cSuperh\u00e9roes de hoy\u201d y trata de las personas que ella conoce que est\u00e1n&nbsp;actuando como verdaderos superh\u00e9roes durante el Estado de Alarma que vivimos en&nbsp;Espa\u00f1a. Es un trabajo propuesto por Raquel Mart\u00edn, nuestra maestra de C.A.R. y que Elsa V\u00edlchez, [&hellip;]<\/p>\n","protected":false},"author":18127,"featured_media":0,"comment_status":"closed","ping_status":"open","sticky":false,"template":"","format":"standard","meta":{"_et_pb_use_builder":"","_et_pb_old_content":"","_et_gb_content_width":"","ngg_post_thumbnail":0,"footnotes":""},"categories":[105,1],"tags":[],"aioseo_notices":[],"_links":{"self":[{"href":"https:\/\/blogsaverroes.juntadeandalucia.es\/ceipjosecalderon\/wp-json\/wp\/v2\/posts\/646"}],"collection":[{"href":"https:\/\/blogsaverroes.juntadeandalucia.es\/ceipjosecalderon\/wp-json\/wp\/v2\/posts"}],"about":[{"href":"https:\/\/blogsaverroes.juntadeandalucia.es\/ceipjosecalderon\/wp-json\/wp\/v2\/types\/post"}],"author":[{"embeddable":true,"href":"https:\/\/blogsaverroes.juntadeandalucia.es\/ceipjosecalderon\/wp-json\/wp\/v2\/users\/18127"}],"replies":[{"embeddable":true,"href":"https:\/\/blogsaverroes.juntadeandalucia.es\/ceipjosecalderon\/wp-json\/wp\/v2\/comments?post=646"}],"version-history":[{"count":1,"href":"https:\/\/blogsaverroes.juntadeandalucia.es\/ceipjosecalderon\/wp-json\/wp\/v2\/posts\/646\/revisions"}],"predecessor-version":[{"id":2222,"href":"https:\/\/blogsaverroes.juntadeandalucia.es\/ceipjosecalderon\/wp-json\/wp\/v2\/posts\/646\/revisions\/2222"}],"wp:attachment":[{"href":"https:\/\/blogsaverroes.juntadeandalucia.es\/ceipjosecalderon\/wp-json\/wp\/v2\/media?parent=646"}],"wp:term":[{"taxonomy":"category","embeddable":true,"href":"https:\/\/blogsaverroes.juntadeandalucia.es\/ceipjosecalderon\/wp-json\/wp\/v2\/categories?post=646"},{"taxonomy":"post_tag","embeddable":true,"href":"https:\/\/blogsaverroes.juntadeandalucia.es\/ceipjosecalderon\/wp-json\/wp\/v2\/tags?post=646"}],"curies":[{"name":"wp","href":"https:\/\/api.w.org\/{rel}","templated":true}]}}