{"id":647,"date":"2020-04-25T09:20:00","date_gmt":"2020-04-25T07:20:00","guid":{"rendered":"https:\/\/blogsaverroes.juntadeandalucia.es\/ceipjosecalderon\/dia-internacional-del-libro-2020\/"},"modified":"2023-06-02T12:44:59","modified_gmt":"2023-06-02T10:44:59","slug":"dia-internacional-del-libro-2020","status":"publish","type":"post","link":"https:\/\/blogsaverroes.juntadeandalucia.es\/ceipjosecalderon\/dia-internacional-del-libro-2020\/","title":{"rendered":"D\u00eda Internacional del Libro 2020"},"content":{"rendered":"<div style=\"margin-bottom: .0001pt;margin: 0cm;text-align: justify\">\n<b><span style=\", sans-serif\">Nuestro colegio quiere desear&nbsp;Feliz&nbsp;D\u00eda del Libro 2020 a trav\u00e9s de su alumnado, desde el confinamiento en casa. En&nbsp;este montaje realizado por&nbsp;Raquel Mart\u00edn Garc\u00eda, nuestra maestra del Cupo&nbsp;de Apoyo y Refuerzo, podemos&nbsp;concluir la importancia de la lectura en las&nbsp;personas y lo aconsejable de&nbsp;descubrir ese fascinante mundo desde la&nbsp;infancia. Enhorabuena.<\/span><\/b><\/div>\n<p>\n&nbsp; &nbsp; &nbsp; &nbsp; &nbsp; &nbsp; &nbsp; &nbsp; <iframe loading=\"lazy\" frameborder=\"0\" height=\"344\" src=\"https:\/\/www.youtube.com\/embed\/K2WHvrhYKoQ\" width=\"459\"><\/iframe><\/p>\n<p><b style=\"text-align: center\"><span style=\", sans-serif;font-size: 11.0pt;line-height: 107%\">&nbsp; &nbsp; &nbsp; &nbsp; &nbsp; &nbsp; &nbsp; &nbsp; &nbsp; &nbsp; &nbsp; &nbsp; &nbsp; &nbsp; &nbsp; &nbsp; &nbsp; &nbsp; &nbsp; &nbsp; &nbsp; &nbsp; Pulsa la imagen para ver el&nbsp;v\u00eddeo<\/span><\/b><\/p>\n<p><\/p>\n","protected":false},"excerpt":{"rendered":"<p>Nuestro colegio quiere desear&nbsp;Feliz&nbsp;D\u00eda del Libro 2020 a trav\u00e9s de su alumnado, desde el confinamiento en casa. En&nbsp;este montaje realizado por&nbsp;Raquel Mart\u00edn Garc\u00eda, nuestra maestra del Cupo&nbsp;de Apoyo y Refuerzo, podemos&nbsp;concluir la importancia de la lectura en las&nbsp;personas y lo aconsejable de&nbsp;descubrir ese fascinante mundo desde la&nbsp;infancia. Enhorabuena. &nbsp; &nbsp; &nbsp; &nbsp; &nbsp; &nbsp; &nbsp; [&hellip;]<\/p>\n","protected":false},"author":18127,"featured_media":0,"comment_status":"closed","ping_status":"open","sticky":false,"template":"","format":"standard","meta":{"_et_pb_use_builder":"","_et_pb_old_content":"","_et_gb_content_width":"","ngg_post_thumbnail":0,"footnotes":""},"categories":[105,1],"tags":[],"aioseo_notices":[],"_links":{"self":[{"href":"https:\/\/blogsaverroes.juntadeandalucia.es\/ceipjosecalderon\/wp-json\/wp\/v2\/posts\/647"}],"collection":[{"href":"https:\/\/blogsaverroes.juntadeandalucia.es\/ceipjosecalderon\/wp-json\/wp\/v2\/posts"}],"about":[{"href":"https:\/\/blogsaverroes.juntadeandalucia.es\/ceipjosecalderon\/wp-json\/wp\/v2\/types\/post"}],"author":[{"embeddable":true,"href":"https:\/\/blogsaverroes.juntadeandalucia.es\/ceipjosecalderon\/wp-json\/wp\/v2\/users\/18127"}],"replies":[{"embeddable":true,"href":"https:\/\/blogsaverroes.juntadeandalucia.es\/ceipjosecalderon\/wp-json\/wp\/v2\/comments?post=647"}],"version-history":[{"count":1,"href":"https:\/\/blogsaverroes.juntadeandalucia.es\/ceipjosecalderon\/wp-json\/wp\/v2\/posts\/647\/revisions"}],"predecessor-version":[{"id":2223,"href":"https:\/\/blogsaverroes.juntadeandalucia.es\/ceipjosecalderon\/wp-json\/wp\/v2\/posts\/647\/revisions\/2223"}],"wp:attachment":[{"href":"https:\/\/blogsaverroes.juntadeandalucia.es\/ceipjosecalderon\/wp-json\/wp\/v2\/media?parent=647"}],"wp:term":[{"taxonomy":"category","embeddable":true,"href":"https:\/\/blogsaverroes.juntadeandalucia.es\/ceipjosecalderon\/wp-json\/wp\/v2\/categories?post=647"},{"taxonomy":"post_tag","embeddable":true,"href":"https:\/\/blogsaverroes.juntadeandalucia.es\/ceipjosecalderon\/wp-json\/wp\/v2\/tags?post=647"}],"curies":[{"name":"wp","href":"https:\/\/api.w.org\/{rel}","templated":true}]}}