{"id":6802,"date":"2024-12-25T20:25:29","date_gmt":"2024-12-25T19:25:29","guid":{"rendered":"https:\/\/blogsaverroes.juntadeandalucia.es\/ceipjosecalderon\/?p=6802"},"modified":"2024-12-25T20:39:34","modified_gmt":"2024-12-25T19:39:34","slug":"fiesta-de-navidad-2024","status":"publish","type":"post","link":"https:\/\/blogsaverroes.juntadeandalucia.es\/ceipjosecalderon\/fiesta-de-navidad-2024\/","title":{"rendered":"Fiesta de Navidad 2024"},"content":{"rendered":"<p style=\"font-weight: 400\"><strong>El jueves 19 de diciembre celebramos nuestra tradicional Fiesta de Navidad con gran variedad de actuaciones preparadas por nuestro profesorado con el alumnado. Hubo villancicos tradicionales, poes\u00edas, interpretaciones con flautas, bailes navide\u00f1os, canciones en ingl\u00e9s y espa\u00f1ol, \u2026 Se llevaron a cabo tres pases para todo el alumnado en nuestro Sal\u00f3n de Actos.<\/strong><\/p>\n<p style=\"font-weight: 400\"><strong>Las actuaciones fueron las siguientes:<\/strong><\/p>\n<p style=\"font-weight: 400\"><strong>Navidad twist (Infantil 4 a\u00f1os); Feliz Navidad, Campana sobre campana y Tres pastelitos (1\u00ba); Poes\u00eda navide\u00f1a, Con la pandereta pastores a Bel\u00e9n, Rudolph the red nosed reindeer y Juguetes a Bel\u00e9n (2\u00ba); Es Navidad, corre corre y Ya vienen los Reyes (3\u00ba); All you need is love, Lleg\u00f3 la Navidad y A la Rorro Ni\u00f1o con flautas (4\u00ba); Todo es posible en Navidad, Un a\u00f1o m\u00e1s, Los peces en el r\u00edo y Adeste fideles con flautas (5\u00ba);&nbsp; Cristo naci\u00f3 campanas mil Jingle bells rock, All I want for Christmas is you, y El tamborilero con flautas (6\u00ba).<\/strong><\/p>\n<p style=\"font-weight: 400\"><strong>Enhorabuena al profesorado por la preparaci\u00f3n y al alumnado por la realizaci\u00f3n de estas veinte actuaciones.<\/strong><\/p>\n<table style=\"border-collapse: collapse;width: 100%;height: 485px\">\n<tbody>\n<tr style=\"height: 416px\">\n<td style=\"width: 50%;height: 416px\"><a href=\"https:\/\/www.flickr.com\/photos\/colegiojcalderon\/albums\/72177720322761679\/\" target=\"_blank\" rel=\"noopener\"><img loading=\"lazy\" decoding=\"async\" class=\"alignnone  wp-image-6805 aligncenter\" src=\"https:\/\/blogsaverroes.juntadeandalucia.es\/ceipjosecalderon\/files\/2024\/12\/villan2-300x189.jpg\" alt=\"\" width=\"547\" height=\"345\"><\/a><\/td>\n<td style=\"width: 50%;height: 416px\"><a href=\"https:\/\/youtu.be\/OS3_dvDje7k\" target=\"_blank\" rel=\"noopener\"><img loading=\"lazy\" decoding=\"async\" class=\"wp-image-6808 aligncenter\" src=\"https:\/\/blogsaverroes.juntadeandalucia.es\/ceipjosecalderon\/files\/2024\/12\/villan3-300x189.jpg\" alt=\"\" width=\"564\" height=\"356\"><\/a><\/td>\n<\/tr>\n<tr style=\"height: 23px\">\n<td style=\"width: 50%;text-align: center;height: 23px\"><b><a href=\"https:\/\/photos.app.goo.gl\/vnvouuW2RwnBdhq26\">Pulsa la imagen para ver las fotos<\/a><\/b><\/td>\n<td style=\"width: 50%;text-align: center;height: 23px\"><b>Pulsa la imagen para ver el montaje fotogr\u00e1fico y musical<\/b><\/td>\n<\/tr>\n<tr style=\"height: 23px\">\n<td style=\"width: 50%;height: 23px\"><a href=\"https:\/\/youtu.be\/tyjdou8dkzk\" target=\"_blank\" rel=\"noopener\"><img decoding=\"async\" class=\"aligncenter\" src=\"https:\/\/blogger.googleusercontent.com\/img\/b\/R29vZ2xl\/AVvXsEiPBeXVBmUX8MRx_lAPpfoBde0cn5ZKdceMD6ulbhRF2PFUjCuKhoTyeQhyphenhyphenAIxqEyLv23PX24rensAacSCJw_qkfwQWLgwgBS_Y3FejfBMYu4ZUqEMlfKQ7pJgxrrY68SRz2gvsZK91O1yxkqYCJ3D_wyFsd1FK656ZAy6W_uFbIoZfLLR5HDiekEaiKAo\/w471-h266\/Fiesta%20de%20Navidad%2019-12-2024%20(57).jpg\"><\/a><\/td>\n<td style=\"width: 50%;height: 23px\"><a href=\"https:\/\/youtu.be\/h4kig40tGXk\" target=\"_blank\" rel=\"noopener\"><img decoding=\"async\" class=\"aligncenter\" src=\"https:\/\/blogger.googleusercontent.com\/img\/b\/R29vZ2xl\/AVvXsEik2mOq5oUb7GnGz0HbVfh2D8Jhn-kYOq07CsRAtwmEo6YB-Q5C9Gvdiwnt99Yvc8VmMfzAHYwjDHGabVHztlkUccXGmPzeMVSjO9q3FPy2hQ85TsheV0rpuHV9kjc5PbqBgB5nYprmNI4V_tnVZsPvyX_4WcE5wZNXzQQdCoGV4YzzWdPHQaZzH5vppco\/w458-h259\/Fiesta%20de%20Navidad%2019-12-2024%20(117).jpg\"><\/a><\/td>\n<\/tr>\n<tr style=\"height: 23px\">\n<td style=\"width: 50%;height: 23px;text-align: center\"><b>Pulsa la imagen para ver el v\u00eddeo. Parte 1<\/b><\/td>\n<td style=\"width: 50%;height: 23px;text-align: center\"><b>Pulsa la imagen para ver el v\u00eddeo. Parte 2<\/b><\/td>\n<\/tr>\n<\/tbody>\n<\/table>\n","protected":false},"excerpt":{"rendered":"<p>El jueves 19 de diciembre celebramos nuestra tradicional Fiesta de Navidad con gran variedad de actuaciones preparadas por nuestro profesorado con el alumnado. Hubo villancicos tradicionales, poes\u00edas, interpretaciones con flautas, bailes navide\u00f1os, canciones en ingl\u00e9s y espa\u00f1ol, \u2026 Se llevaron a cabo tres pases para todo el alumnado en nuestro Sal\u00f3n de Actos. Las actuaciones [&hellip;]<\/p>\n","protected":false},"author":18127,"featured_media":6803,"comment_status":"closed","ping_status":"open","sticky":false,"template":"","format":"standard","meta":{"_et_pb_use_builder":"","_et_pb_old_content":"","_et_gb_content_width":"","ngg_post_thumbnail":0,"footnotes":""},"categories":[142,139,132,4,147,1,130,6],"tags":[],"aioseo_notices":[],"_links":{"self":[{"href":"https:\/\/blogsaverroes.juntadeandalucia.es\/ceipjosecalderon\/wp-json\/wp\/v2\/posts\/6802"}],"collection":[{"href":"https:\/\/blogsaverroes.juntadeandalucia.es\/ceipjosecalderon\/wp-json\/wp\/v2\/posts"}],"about":[{"href":"https:\/\/blogsaverroes.juntadeandalucia.es\/ceipjosecalderon\/wp-json\/wp\/v2\/types\/post"}],"author":[{"embeddable":true,"href":"https:\/\/blogsaverroes.juntadeandalucia.es\/ceipjosecalderon\/wp-json\/wp\/v2\/users\/18127"}],"replies":[{"embeddable":true,"href":"https:\/\/blogsaverroes.juntadeandalucia.es\/ceipjosecalderon\/wp-json\/wp\/v2\/comments?post=6802"}],"version-history":[{"count":5,"href":"https:\/\/blogsaverroes.juntadeandalucia.es\/ceipjosecalderon\/wp-json\/wp\/v2\/posts\/6802\/revisions"}],"predecessor-version":[{"id":6810,"href":"https:\/\/blogsaverroes.juntadeandalucia.es\/ceipjosecalderon\/wp-json\/wp\/v2\/posts\/6802\/revisions\/6810"}],"wp:featuredmedia":[{"embeddable":true,"href":"https:\/\/blogsaverroes.juntadeandalucia.es\/ceipjosecalderon\/wp-json\/wp\/v2\/media\/6803"}],"wp:attachment":[{"href":"https:\/\/blogsaverroes.juntadeandalucia.es\/ceipjosecalderon\/wp-json\/wp\/v2\/media?parent=6802"}],"wp:term":[{"taxonomy":"category","embeddable":true,"href":"https:\/\/blogsaverroes.juntadeandalucia.es\/ceipjosecalderon\/wp-json\/wp\/v2\/categories?post=6802"},{"taxonomy":"post_tag","embeddable":true,"href":"https:\/\/blogsaverroes.juntadeandalucia.es\/ceipjosecalderon\/wp-json\/wp\/v2\/tags?post=6802"}],"curies":[{"name":"wp","href":"https:\/\/api.w.org\/{rel}","templated":true}]}}