{"id":6853,"date":"2025-01-22T20:08:57","date_gmt":"2025-01-22T19:08:57","guid":{"rendered":"https:\/\/blogsaverroes.juntadeandalucia.es\/ceipjosecalderon\/?p=6853"},"modified":"2025-01-26T17:40:41","modified_gmt":"2025-01-26T16:40:41","slug":"taller-cuidando-mi-barrio","status":"publish","type":"post","link":"https:\/\/blogsaverroes.juntadeandalucia.es\/ceipjosecalderon\/taller-cuidando-mi-barrio\/","title":{"rendered":"Taller Cuidando mi barrio"},"content":{"rendered":"<p style=\"font-weight: 400\"><strong>Dentro de los Programas Educativos Municipales del Ayuntamiento de M\u00e1laga, nuestro colegio particip\u00f3 en el Taller \u201cCuidando mi barrio\u201d. Nos informa Pablo Jim\u00e9nez, tutor de 3\u00ba B.<\/strong><\/p>\n<p style=\"font-weight: 400\"><strong>Los alumnos\/as de 3\u00ba de primaria participaron el mi\u00e9rcoles 15 de enero en una actividad educativa y pr\u00e1ctica destinada a fomentar el respeto por el medio ambiente y la importancia de cuidar los espacios comunes en su comunidad.<\/strong><\/p>\n<p style=\"font-weight: 400\"><strong>Este fue el desarrollo del taller:<\/strong><\/p>\n<ol>\n<li style=\"font-weight: 400\"><strong> Charla educativa<\/strong><\/li>\n<\/ol>\n<p style=\"font-weight: 400\"><strong>La actividad comenz\u00f3 con una charla interactiva en el aula, donde se abordaron temas como:<\/strong><\/p>\n<ul>\n<li style=\"font-weight: 400\"><strong> La importancia de mantener limpio el entorno donde vivimos.<\/strong><\/li>\n<li style=\"font-weight: 400\"><strong> C\u00f3mo nuestras acciones pueden afectar positivamente o negativamente al medio ambiente.<\/strong><\/li>\n<li style=\"font-weight: 400\"><strong> Las \u201c3 R\u201d: Reducir, Reutilizar y Reciclar.<\/strong><\/li>\n<li style=\"font-weight: 400\"><strong> El impacto de los residuos en los espacios p\u00fablicos y la fauna local.<\/strong><\/li>\n<\/ul>\n<p style=\"font-weight: 400\"><strong>Los ni\u00f1os participaron respondiendo preguntas, compartiendo ideas y reflexionando sobre c\u00f3mo pueden contribuir al cuidado de su barrio.<\/strong><\/p>\n<ol start=\"2\">\n<li style=\"font-weight: 400\"><strong> Salida al parque<\/strong><\/li>\n<\/ol>\n<p style=\"font-weight: 400\"><strong>Despu\u00e9s de la charla, los estudiantes fueron al parque del barrio para poner en pr\u00e1ctica lo aprendido. Las actividades realizadas incluyeron:<\/strong><\/p>\n<ul>\n<li style=\"font-weight: 400\"><strong> Limpieza del parque: Se dividieron en grupos peque\u00f1os y recogieron residuos.<\/strong><\/li>\n<li style=\"font-weight: 400\"><strong> Observaci\u00f3n del entorno: Identificaron elementos del parque (plantas, \u00e1rboles, \u00e1reas de juego) que necesitan cuidado.<\/strong><\/li>\n<li style=\"font-weight: 400\"><strong> Reflexi\u00f3n grupal: Al terminar, los ni\u00f1os conversaron sobre lo que encontraron y c\u00f3mo evitar que los parques se ensucien.<\/strong><\/li>\n<\/ul>\n<p style=\"font-weight: 400\"><strong>Ha sido una experiencia educativa y enriquecedora para todos los participantes.<\/strong><\/p>\n<table style=\"border-collapse: collapse;width: 100%\">\n<tbody>\n<tr>\n<td style=\"width: 100%\"><a href=\"https:\/\/www.flickr.com\/photos\/colegiojcalderon\/albums\/72177720323278477\/\" target=\"_blank\" rel=\"noopener\"><img loading=\"lazy\" decoding=\"async\" class=\"aligncenter\" src=\"https:\/\/blogger.googleusercontent.com\/img\/b\/R29vZ2xl\/AVvXsEjjd_E2TdM4Adyg9HlQ1g-v7i2P2XibLbQ90nCtMfsnXA9BDYpez2AmqypMO2F_Df-2QeGD7j3UiwjJUsL0muJ0feSMYe4i-XKn0_hyNUpdRTwgp2jnengBb-Jqlr3aIhCWKBav-ZxRSY9thChWiH-XqH8XNYG_O_tjC0Md65kvYrWWJEtIbn26gbmt5hY\/w474-h356\/Cuidando%20mi%20barrio%2015-01-2025%20(1).jpg\" width=\"527\" height=\"395\"><\/a><\/td>\n<\/tr>\n<tr>\n<td style=\"width: 100%;text-align: center\"><b><a href=\"https:\/\/photos.app.goo.gl\/CeN4kh3xTgF8LJVS8\">Pulsa la imagen para ver las fotos<\/a><\/b><\/td>\n<\/tr>\n<\/tbody>\n<\/table>\n","protected":false},"excerpt":{"rendered":"<p>Dentro de los Programas Educativos Municipales del Ayuntamiento de M\u00e1laga, nuestro colegio particip\u00f3 en el Taller \u201cCuidando mi barrio\u201d. Nos informa Pablo Jim\u00e9nez, tutor de 3\u00ba B. Los alumnos\/as de 3\u00ba de primaria participaron el mi\u00e9rcoles 15 de enero en una actividad educativa y pr\u00e1ctica destinada a fomentar el respeto por el medio ambiente y [&hellip;]<\/p>\n","protected":false},"author":18127,"featured_media":6863,"comment_status":"closed","ping_status":"open","sticky":false,"template":"","format":"standard","meta":{"_et_pb_use_builder":"","_et_pb_old_content":"","_et_gb_content_width":"","ngg_post_thumbnail":0,"footnotes":""},"categories":[142,139,4,147,1,130],"tags":[],"aioseo_notices":[],"_links":{"self":[{"href":"https:\/\/blogsaverroes.juntadeandalucia.es\/ceipjosecalderon\/wp-json\/wp\/v2\/posts\/6853"}],"collection":[{"href":"https:\/\/blogsaverroes.juntadeandalucia.es\/ceipjosecalderon\/wp-json\/wp\/v2\/posts"}],"about":[{"href":"https:\/\/blogsaverroes.juntadeandalucia.es\/ceipjosecalderon\/wp-json\/wp\/v2\/types\/post"}],"author":[{"embeddable":true,"href":"https:\/\/blogsaverroes.juntadeandalucia.es\/ceipjosecalderon\/wp-json\/wp\/v2\/users\/18127"}],"replies":[{"embeddable":true,"href":"https:\/\/blogsaverroes.juntadeandalucia.es\/ceipjosecalderon\/wp-json\/wp\/v2\/comments?post=6853"}],"version-history":[{"count":2,"href":"https:\/\/blogsaverroes.juntadeandalucia.es\/ceipjosecalderon\/wp-json\/wp\/v2\/posts\/6853\/revisions"}],"predecessor-version":[{"id":6855,"href":"https:\/\/blogsaverroes.juntadeandalucia.es\/ceipjosecalderon\/wp-json\/wp\/v2\/posts\/6853\/revisions\/6855"}],"wp:featuredmedia":[{"embeddable":true,"href":"https:\/\/blogsaverroes.juntadeandalucia.es\/ceipjosecalderon\/wp-json\/wp\/v2\/media\/6863"}],"wp:attachment":[{"href":"https:\/\/blogsaverroes.juntadeandalucia.es\/ceipjosecalderon\/wp-json\/wp\/v2\/media?parent=6853"}],"wp:term":[{"taxonomy":"category","embeddable":true,"href":"https:\/\/blogsaverroes.juntadeandalucia.es\/ceipjosecalderon\/wp-json\/wp\/v2\/categories?post=6853"},{"taxonomy":"post_tag","embeddable":true,"href":"https:\/\/blogsaverroes.juntadeandalucia.es\/ceipjosecalderon\/wp-json\/wp\/v2\/tags?post=6853"}],"curies":[{"name":"wp","href":"https:\/\/api.w.org\/{rel}","templated":true}]}}