{"id":6998,"date":"2025-02-18T20:21:06","date_gmt":"2025-02-18T19:21:06","guid":{"rendered":"https:\/\/blogsaverroes.juntadeandalucia.es\/ceipjosecalderon\/?p=6998"},"modified":"2025-02-18T20:24:23","modified_gmt":"2025-02-18T19:24:23","slug":"carnaval-2025","status":"publish","type":"post","link":"https:\/\/blogsaverroes.juntadeandalucia.es\/ceipjosecalderon\/carnaval-2025\/","title":{"rendered":"Carnaval 2025"},"content":{"rendered":"<p style=\"font-weight: 400\"><strong>El viernes 14 de febrero pudimos disfrutar de un d\u00eda de carnaval muy divertido. Los disfraces fueron muy coloridos y variados. La pr\u00e1ctica totalidad de alumnado, profesorado y personal no docente acudieron disfrazados al colegio. Un d\u00eda muy divertido y ambientado.<\/strong><\/p>\n<p>&nbsp;<\/p>\n<table style=\"border-collapse: collapse;width: 100%\">\n<tbody>\n<tr>\n<td style=\"width: 50%\"><a href=\"https:\/\/www.flickr.com\/photos\/colegiojcalderon\/albums\/72177720323859791\/\" target=\"_blank\" rel=\"noopener\"><img loading=\"lazy\" decoding=\"async\" class=\"aligncenter\" src=\"https:\/\/blogger.googleusercontent.com\/img\/b\/R29vZ2xl\/AVvXsEhVYYSLDQ4NaYZRL2g6ZgeP6ppd_gwhWKsL6IPmXhzugZpWyE9KjdLc0PdSlffDPZ3H9PlA1M72eur7yoeEKLRT8LMdxgZdIEZlS_meJPHx6_387zEq2vn65EUP-MdNeG53ooKT2m5ri4LJ52i71pF6ARjvrl_nmgYbAJlstDxSBbLoiYlNFxh9G152InA\/w465-h310\/Carnaval%20Primaria%20y%20AEEE%2014-02-2025%20(1).jpg\" width=\"686\" height=\"457\"><\/a><\/td>\n<td style=\"width: 50%\"><a href=\"https:\/\/www.flickr.com\/photos\/colegiojcalderon\/albums\/72177720323853805\/\" target=\"_blank\" rel=\"noopener\"><img loading=\"lazy\" decoding=\"async\" class=\"aligncenter\" src=\"https:\/\/blogger.googleusercontent.com\/img\/b\/R29vZ2xl\/AVvXsEgdqw4BZnfMyp6H_njSY3tTw5Kjr38YPfTzBw4XVOdLb6hSapEsYSdrHpyjKtzmTp4oAyUvzMl7RjQgxQ6ds3z578YW9LsOqbt6pihCLzjfVfHIBpAIENN5LenhMxt5T-J_COUn8LRKZex94YZ3_6SfBZGAqcs2r0bROUEiQbfCOwoBDGAYUVXH1XTuhLk\/w468-h317\/Carnaval%20Infantil%2014-02-2025%20(1).jpg\" width=\"724\" height=\"491\"><\/a><\/td>\n<\/tr>\n<tr>\n<td style=\"width: 50%;text-align: center\"><b><a href=\"https:\/\/photos.app.goo.gl\/swKPCK2ZPaab3yez9\">Pulsa la imagen para ver las fotos de Primaria y AE<\/a><\/b><\/td>\n<td style=\"width: 50%;text-align: center\"><b><a href=\"https:\/\/photos.app.goo.gl\/qzz1vxJFDyaycseD7\">Pulsa la imagen para ver las fotos de Infantil<\/a><\/b><\/td>\n<\/tr>\n<tr>\n<td style=\"width: 50%\"><a href=\"https:\/\/youtu.be\/TspPXQ4o-4M\" target=\"_blank\" rel=\"noopener\"><img loading=\"lazy\" decoding=\"async\" class=\"aligncenter\" src=\"https:\/\/blogger.googleusercontent.com\/img\/b\/R29vZ2xl\/AVvXsEijqEwXLAEiUulR2l-9nRYi7SPd7h8Av31gZ__aRwwV5A2xLWF2hdtfiBrjZJL80C67FI-CTaU9TZ6_xrY89I468p5JSsZfVDfvsPsoloFH0TXbt5BPlObwrxexyAKPtAgzDEGIEylDS8Cezn34-U4m85jxvmrid7du0dd4xEg6EMmLvB2QGmS0L7k9vOM\/w464-h349\/Carnaval%20Primaria%20y%20AEEE%2014-02-2025%20(9).jpg\" width=\"671\" height=\"505\"><\/a><\/td>\n<td style=\"width: 50%\"><a href=\"https:\/\/youtu.be\/JYC3gEhV6cs\" target=\"_blank\" rel=\"noopener\"><img loading=\"lazy\" decoding=\"async\" class=\"aligncenter\" src=\"https:\/\/blogger.googleusercontent.com\/img\/b\/R29vZ2xl\/AVvXsEg39bLPKIturoCf81nRYmFuKjRIUV5KYalZF2ANv-kbO0a-SNZm9IzQq1f5d-QcZ4AlbQBrvl5qTZ1VscObWNEQ9__NcMiDNdPD0ArZY7cczKTRNGlXdFthj8eZidfEwcvyTFYKxw8I2xsM7qm5tWCExDjgJO_cNK25HRFPBpLiuOEySiNqWeFJi56OOAQ\/w468-h312\/Carnaval%20Infantil%2014-02-2025%20(2).jpg\" width=\"757\" height=\"505\"><\/a><\/td>\n<\/tr>\n<tr>\n<td style=\"width: 50%;text-align: center\"><b>Pulsa la imagen para ver el v\u00eddeo de Primaria<\/b><\/td>\n<td style=\"width: 50%;text-align: center\"><b>Pulsa la imagen para ver el v\u00eddeo de Infantil<\/b><\/td>\n<\/tr>\n<\/tbody>\n<\/table>\n","protected":false},"excerpt":{"rendered":"<p>El viernes 14 de febrero pudimos disfrutar de un d\u00eda de carnaval muy divertido. Los disfraces fueron muy coloridos y variados. La pr\u00e1ctica totalidad de alumnado, profesorado y personal no docente acudieron disfrazados al colegio. Un d\u00eda muy divertido y ambientado. &nbsp; Pulsa la imagen para ver las fotos de Primaria y AE Pulsa la [&hellip;]<\/p>\n","protected":false},"author":18127,"featured_media":7000,"comment_status":"closed","ping_status":"open","sticky":false,"template":"","format":"standard","meta":{"_et_pb_use_builder":"","_et_pb_old_content":"","_et_gb_content_width":"","ngg_post_thumbnail":0,"footnotes":""},"categories":[142,139,132,1,130,6],"tags":[],"aioseo_notices":[],"_links":{"self":[{"href":"https:\/\/blogsaverroes.juntadeandalucia.es\/ceipjosecalderon\/wp-json\/wp\/v2\/posts\/6998"}],"collection":[{"href":"https:\/\/blogsaverroes.juntadeandalucia.es\/ceipjosecalderon\/wp-json\/wp\/v2\/posts"}],"about":[{"href":"https:\/\/blogsaverroes.juntadeandalucia.es\/ceipjosecalderon\/wp-json\/wp\/v2\/types\/post"}],"author":[{"embeddable":true,"href":"https:\/\/blogsaverroes.juntadeandalucia.es\/ceipjosecalderon\/wp-json\/wp\/v2\/users\/18127"}],"replies":[{"embeddable":true,"href":"https:\/\/blogsaverroes.juntadeandalucia.es\/ceipjosecalderon\/wp-json\/wp\/v2\/comments?post=6998"}],"version-history":[{"count":3,"href":"https:\/\/blogsaverroes.juntadeandalucia.es\/ceipjosecalderon\/wp-json\/wp\/v2\/posts\/6998\/revisions"}],"predecessor-version":[{"id":7004,"href":"https:\/\/blogsaverroes.juntadeandalucia.es\/ceipjosecalderon\/wp-json\/wp\/v2\/posts\/6998\/revisions\/7004"}],"wp:featuredmedia":[{"embeddable":true,"href":"https:\/\/blogsaverroes.juntadeandalucia.es\/ceipjosecalderon\/wp-json\/wp\/v2\/media\/7000"}],"wp:attachment":[{"href":"https:\/\/blogsaverroes.juntadeandalucia.es\/ceipjosecalderon\/wp-json\/wp\/v2\/media?parent=6998"}],"wp:term":[{"taxonomy":"category","embeddable":true,"href":"https:\/\/blogsaverroes.juntadeandalucia.es\/ceipjosecalderon\/wp-json\/wp\/v2\/categories?post=6998"},{"taxonomy":"post_tag","embeddable":true,"href":"https:\/\/blogsaverroes.juntadeandalucia.es\/ceipjosecalderon\/wp-json\/wp\/v2\/tags?post=6998"}],"curies":[{"name":"wp","href":"https:\/\/api.w.org\/{rel}","templated":true}]}}