{"id":7330,"date":"2025-05-19T20:07:46","date_gmt":"2025-05-19T18:07:46","guid":{"rendered":"https:\/\/blogsaverroes.juntadeandalucia.es\/ceipjosecalderon\/?p=7330"},"modified":"2025-05-19T20:07:46","modified_gmt":"2025-05-19T18:07:46","slug":"cruces-de-mayo","status":"publish","type":"post","link":"https:\/\/blogsaverroes.juntadeandalucia.es\/ceipjosecalderon\/cruces-de-mayo\/","title":{"rendered":"Cruces de Mayo"},"content":{"rendered":"<p style=\"font-weight: 400\"><strong>Dentro del \u00e1rea de Religi\u00f3n Cat\u00f3lica, el alumnado de 5\u00b0 de Primaria ha elaborado, en peque\u00f1os grupos, unas bonitas cruces.<\/strong><\/p>\n<p style=\"font-weight: 400\"><strong>Se han expuesto en el \u201chall\u201d de la planta baja el jueves 15 de mayo. Van a participar en un concurso, saliendo ganadora la Cruz de Mayo que el propio alumnado votar\u00e1. Tambi\u00e9n recibir\u00e1n un premio las cruces ganadoras.<\/strong><\/p>\n<p style=\"font-weight: 400\"><strong>En las fotos se puede observar el proceso elaboraci\u00f3n de las mismas y ya finalizadas en la exposici\u00f3n.<\/strong><\/p>\n<table style=\"border-collapse: collapse;width: 100%\">\n<tbody>\n<tr>\n<td style=\"width: 100%\"><a href=\"https:\/\/www.flickr.com\/photos\/colegiojcalderon\/albums\/72177720326185861\/\" target=\"_blank\" rel=\"noopener\"><img loading=\"lazy\" decoding=\"async\" class=\"aligncenter\" src=\"https:\/\/blogger.googleusercontent.com\/img\/b\/R29vZ2xl\/AVvXsEjtoGYNG_CY5hI6VES-5rhWCOJ1KGS-FKjqs10DXc06zJFxVcDuQO0Q_EAUR_xjjOk619K-C5WjZ5gRysfhtYCwHJttDuhqYe89SauDeQkLqreYgOd19-62x_eexFr7idbs0YaE4LnNFdOeO8nhgriw2HkbixWc4zsuzezfFYheo6pVRAKJ-fTrJcGC7Es\/w455-h342\/Cruces%20de%20Mayo%2015-05-2025%20(1).jpg\" width=\"528\" height=\"398\"><\/a><\/td>\n<\/tr>\n<tr>\n<td style=\"width: 100%;text-align: center\"><b><a href=\"https:\/\/photos.app.goo.gl\/MKCkQ2H8i8ctqDon9\">Pulsa la imagen para ver las fotos<\/a><\/b><\/td>\n<\/tr>\n<\/tbody>\n<\/table>\n","protected":false},"excerpt":{"rendered":"<p>Dentro del \u00e1rea de Religi\u00f3n Cat\u00f3lica, el alumnado de 5\u00b0 de Primaria ha elaborado, en peque\u00f1os grupos, unas bonitas cruces. Se han expuesto en el \u201chall\u201d de la planta baja el jueves 15 de mayo. Van a participar en un concurso, saliendo ganadora la Cruz de Mayo que el propio alumnado votar\u00e1. Tambi\u00e9n recibir\u00e1n un [&hellip;]<\/p>\n","protected":false},"author":18127,"featured_media":7331,"comment_status":"closed","ping_status":"open","sticky":false,"template":"","format":"standard","meta":{"_et_pb_use_builder":"","_et_pb_old_content":"","_et_gb_content_width":"","ngg_post_thumbnail":0,"footnotes":""},"categories":[142,139,147,1,130],"tags":[],"aioseo_notices":[],"_links":{"self":[{"href":"https:\/\/blogsaverroes.juntadeandalucia.es\/ceipjosecalderon\/wp-json\/wp\/v2\/posts\/7330"}],"collection":[{"href":"https:\/\/blogsaverroes.juntadeandalucia.es\/ceipjosecalderon\/wp-json\/wp\/v2\/posts"}],"about":[{"href":"https:\/\/blogsaverroes.juntadeandalucia.es\/ceipjosecalderon\/wp-json\/wp\/v2\/types\/post"}],"author":[{"embeddable":true,"href":"https:\/\/blogsaverroes.juntadeandalucia.es\/ceipjosecalderon\/wp-json\/wp\/v2\/users\/18127"}],"replies":[{"embeddable":true,"href":"https:\/\/blogsaverroes.juntadeandalucia.es\/ceipjosecalderon\/wp-json\/wp\/v2\/comments?post=7330"}],"version-history":[{"count":1,"href":"https:\/\/blogsaverroes.juntadeandalucia.es\/ceipjosecalderon\/wp-json\/wp\/v2\/posts\/7330\/revisions"}],"predecessor-version":[{"id":7332,"href":"https:\/\/blogsaverroes.juntadeandalucia.es\/ceipjosecalderon\/wp-json\/wp\/v2\/posts\/7330\/revisions\/7332"}],"wp:featuredmedia":[{"embeddable":true,"href":"https:\/\/blogsaverroes.juntadeandalucia.es\/ceipjosecalderon\/wp-json\/wp\/v2\/media\/7331"}],"wp:attachment":[{"href":"https:\/\/blogsaverroes.juntadeandalucia.es\/ceipjosecalderon\/wp-json\/wp\/v2\/media?parent=7330"}],"wp:term":[{"taxonomy":"category","embeddable":true,"href":"https:\/\/blogsaverroes.juntadeandalucia.es\/ceipjosecalderon\/wp-json\/wp\/v2\/categories?post=7330"},{"taxonomy":"post_tag","embeddable":true,"href":"https:\/\/blogsaverroes.juntadeandalucia.es\/ceipjosecalderon\/wp-json\/wp\/v2\/tags?post=7330"}],"curies":[{"name":"wp","href":"https:\/\/api.w.org\/{rel}","templated":true}]}}