{"id":7354,"date":"2025-05-26T20:14:13","date_gmt":"2025-05-26T18:14:13","guid":{"rendered":"https:\/\/blogsaverroes.juntadeandalucia.es\/ceipjosecalderon\/?p=7354"},"modified":"2025-05-26T20:14:13","modified_gmt":"2025-05-26T18:14:13","slug":"visita-al-castillo-de-gibralfaro-2","status":"publish","type":"post","link":"https:\/\/blogsaverroes.juntadeandalucia.es\/ceipjosecalderon\/visita-al-castillo-de-gibralfaro-2\/","title":{"rendered":"Visita al Castillo de Gibralfaro"},"content":{"rendered":"<p style=\"font-weight: 400\"><strong>El martes 20 de mayo nuestro alumnado de 5\u00ba de Primaria, acompa\u00f1ado por sus tutoras Miriam Carmona y Lara P\u00e9rez, visit\u00f3 nuestro emblem\u00e1tico Castillo de Gibralfaro. La actividad se enmarca dentro de los Programas Educativos Municipales que cada curso organiza el \u00c1rea de Educaci\u00f3n del Ayuntamiento de M\u00e1laga.<\/strong><\/p>\n<p style=\"font-weight: 400\"><strong>A decir por el alumnado y profesorado la actividad estuvo muy interesante.<\/strong><\/p>\n<table style=\"border-collapse: collapse;width: 100%\">\n<tbody>\n<tr>\n<td style=\"width: 100%\"><a href=\"https:\/\/www.flickr.com\/photos\/colegiojcalderon\/albums\/72177720326370794\/\" target=\"_blank\" rel=\"noopener\"><img loading=\"lazy\" decoding=\"async\" class=\"aligncenter\" src=\"https:\/\/blogger.googleusercontent.com\/img\/b\/R29vZ2xl\/AVvXsEhnDqFdH5dfM5vXh7EHX37clS6jr9_qIJ7ZUWcEEMuYOUP16odg-A8fpn3MLxTjHLYRC_N4Nw6gc3XS2tb18gXebxDLwJ9oU3X_tKK5Tm30JvWo1lHuF_RzJjl6BNeW6WS_Y6k7lYVk7fNgLoDTyfWPBmskdIeEu0cHJf0w5mBgkC5yTxwnpEhkPPKW3t4\/w462-h208\/Gibralfaro%205%C2%BA.%2020-05-2025%20(1).jpg\" width=\"575\" height=\"259\"><\/a><\/td>\n<\/tr>\n<tr>\n<td style=\"width: 100%;text-align: center\"><b><a href=\"https:\/\/photos.app.goo.gl\/M3UeooZsPTndwSV98\">Pulsa la imagen para ver las fotos<\/a><\/b><\/td>\n<\/tr>\n<\/tbody>\n<\/table>\n","protected":false},"excerpt":{"rendered":"<p>El martes 20 de mayo nuestro alumnado de 5\u00ba de Primaria, acompa\u00f1ado por sus tutoras Miriam Carmona y Lara P\u00e9rez, visit\u00f3 nuestro emblem\u00e1tico Castillo de Gibralfaro. La actividad se enmarca dentro de los Programas Educativos Municipales que cada curso organiza el \u00c1rea de Educaci\u00f3n del Ayuntamiento de M\u00e1laga. A decir por el alumnado y profesorado [&hellip;]<\/p>\n","protected":false},"author":18127,"featured_media":7355,"comment_status":"closed","ping_status":"open","sticky":false,"template":"","format":"standard","meta":{"_et_pb_use_builder":"","_et_pb_old_content":"","_et_gb_content_width":"","ngg_post_thumbnail":0,"footnotes":""},"categories":[142,4,1,130],"tags":[],"aioseo_notices":[],"_links":{"self":[{"href":"https:\/\/blogsaverroes.juntadeandalucia.es\/ceipjosecalderon\/wp-json\/wp\/v2\/posts\/7354"}],"collection":[{"href":"https:\/\/blogsaverroes.juntadeandalucia.es\/ceipjosecalderon\/wp-json\/wp\/v2\/posts"}],"about":[{"href":"https:\/\/blogsaverroes.juntadeandalucia.es\/ceipjosecalderon\/wp-json\/wp\/v2\/types\/post"}],"author":[{"embeddable":true,"href":"https:\/\/blogsaverroes.juntadeandalucia.es\/ceipjosecalderon\/wp-json\/wp\/v2\/users\/18127"}],"replies":[{"embeddable":true,"href":"https:\/\/blogsaverroes.juntadeandalucia.es\/ceipjosecalderon\/wp-json\/wp\/v2\/comments?post=7354"}],"version-history":[{"count":1,"href":"https:\/\/blogsaverroes.juntadeandalucia.es\/ceipjosecalderon\/wp-json\/wp\/v2\/posts\/7354\/revisions"}],"predecessor-version":[{"id":7356,"href":"https:\/\/blogsaverroes.juntadeandalucia.es\/ceipjosecalderon\/wp-json\/wp\/v2\/posts\/7354\/revisions\/7356"}],"wp:featuredmedia":[{"embeddable":true,"href":"https:\/\/blogsaverroes.juntadeandalucia.es\/ceipjosecalderon\/wp-json\/wp\/v2\/media\/7355"}],"wp:attachment":[{"href":"https:\/\/blogsaverroes.juntadeandalucia.es\/ceipjosecalderon\/wp-json\/wp\/v2\/media?parent=7354"}],"wp:term":[{"taxonomy":"category","embeddable":true,"href":"https:\/\/blogsaverroes.juntadeandalucia.es\/ceipjosecalderon\/wp-json\/wp\/v2\/categories?post=7354"},{"taxonomy":"post_tag","embeddable":true,"href":"https:\/\/blogsaverroes.juntadeandalucia.es\/ceipjosecalderon\/wp-json\/wp\/v2\/tags?post=7354"}],"curies":[{"name":"wp","href":"https:\/\/api.w.org\/{rel}","templated":true}]}}