{"id":7408,"date":"2025-06-12T19:44:59","date_gmt":"2025-06-12T17:44:59","guid":{"rendered":"https:\/\/blogsaverroes.juntadeandalucia.es\/ceipjosecalderon\/?p=7408"},"modified":"2025-06-12T19:44:59","modified_gmt":"2025-06-12T17:44:59","slug":"encuentro-con-autora","status":"publish","type":"post","link":"https:\/\/blogsaverroes.juntadeandalucia.es\/ceipjosecalderon\/encuentro-con-autora\/","title":{"rendered":"Encuentro con autora"},"content":{"rendered":"<p style=\"font-weight: 400\"><strong>Nos informa Cristina Barcia, coordinadora de nuestra Biblioteca Escolar.<\/strong><\/p>\n<p style=\"font-weight: 400\"><strong>El jueves 5 de junio el alumnado de 2\u00ba ciclo disfrut\u00f3 del encuentro con la autora Susana Rico, escritora de uno de los libros que ha adquirido el centro para la Biblioteca Escolar.<\/strong><\/p>\n<p style=\"font-weight: 400\"><strong>En primer lugar, se cre\u00f3 y represent\u00f3 una historia rom\u00e1ntica, donde el alumnado fue el protagonista (con disfraces y di\u00e1logo). La segunda parte del taller consisti\u00f3 en descifrar varios mensajes secretos y aprender a elaborar el suyo.<\/strong><\/p>\n<p style=\"font-weight: 400\"><strong>La autora facilit\u00f3 su correo (<\/strong><a href=\"mailto:porfavorsonria@gmail.com\"><strong>porfavorsonria@gmail.com<\/strong><\/a><strong>) para que el alumnado pueda enviarle propuestas&nbsp;de t\u00edtulos para futuros libros. No obstante, nos indic\u00f3 que puede pasar bastante&nbsp;tiempo hasta que la historia cobre vida y se publique. &nbsp;<\/strong><\/p>\n<table style=\"border-collapse: collapse;width: 100%\">\n<tbody>\n<tr>\n<td style=\"width: 50%\"><a href=\"https:\/\/www.flickr.com\/photos\/colegiojcalderon\/albums\/72177720326694370\/\" target=\"_blank\" rel=\"noopener\"><img loading=\"lazy\" decoding=\"async\" class=\"aligncenter\" src=\"https:\/\/blogger.googleusercontent.com\/img\/b\/R29vZ2xl\/AVvXsEjygzZOukP-KDumu5VOee_1hCQiGig2Yln0DA86q086mFeyTuH209O4PgOR1kES2droAmBsxZHg0N2m8LBhYFss7FENYu-ML1ov64hOqVJbKDhu_2D3MtmAuIaYIT3r6yl77CGA95WkDP1gGfpKf3P3MZTdHCS0oqCC-5isQKCjJDzUwmH6s0Ou1ne-0Ko\/w461-h259\/Encuentro%20con%20autora%2005-06-2025%20(1).jpg\" width=\"696\" height=\"391\"><\/a><\/td>\n<td style=\"width: 50%\"><a href=\"https:\/\/youtu.be\/v95G8v9lSfc\" target=\"_blank\" rel=\"noopener\"><img loading=\"lazy\" decoding=\"async\" class=\"aligncenter\" src=\"https:\/\/blogger.googleusercontent.com\/img\/b\/R29vZ2xl\/AVvXsEiWl2OX4Stls7bG__S7DQbhV30sbdTwWULeVpR1Js21lpOW8w6IKdffeueY9jp66tn6aEZibpmjxxFo_cYxdsznJouAdck81xw8fZ-cHCXacowZsy00D5X3-J9z63lT6LP3CvDWd728E7W1paGioW-rq9OdNu2v74s1u4AY6Cm4gpmayLi-A5sq5X8DTt8\/w465-h348\/Encuentro%20con%20autora%2005-06-2025%20(31).jpg\" width=\"512\" height=\"384\"><\/a><\/td>\n<\/tr>\n<tr>\n<td style=\"width: 50%;text-align: center\"><b><a href=\"https:\/\/photos.app.goo.gl\/wvkEjgPX7wyBqnkb8\">Pulsa la imagen para ver las fotos<\/a><\/b><\/td>\n<td style=\"width: 50%;text-align: center\"><b>Pulsa la imagen para ver el v\u00eddeo<\/b><\/td>\n<\/tr>\n<\/tbody>\n<\/table>\n","protected":false},"excerpt":{"rendered":"<p>Nos informa Cristina Barcia, coordinadora de nuestra Biblioteca Escolar. El jueves 5 de junio el alumnado de 2\u00ba ciclo disfrut\u00f3 del encuentro con la autora Susana Rico, escritora de uno de los libros que ha adquirido el centro para la Biblioteca Escolar. En primer lugar, se cre\u00f3 y represent\u00f3 una historia rom\u00e1ntica, donde el alumnado [&hellip;]<\/p>\n","protected":false},"author":18127,"featured_media":7409,"comment_status":"closed","ping_status":"open","sticky":false,"template":"","format":"standard","meta":{"_et_pb_use_builder":"","_et_pb_old_content":"","_et_gb_content_width":"","ngg_post_thumbnail":0,"footnotes":""},"categories":[142,139,4,147,1,130,6],"tags":[],"aioseo_notices":[],"_links":{"self":[{"href":"https:\/\/blogsaverroes.juntadeandalucia.es\/ceipjosecalderon\/wp-json\/wp\/v2\/posts\/7408"}],"collection":[{"href":"https:\/\/blogsaverroes.juntadeandalucia.es\/ceipjosecalderon\/wp-json\/wp\/v2\/posts"}],"about":[{"href":"https:\/\/blogsaverroes.juntadeandalucia.es\/ceipjosecalderon\/wp-json\/wp\/v2\/types\/post"}],"author":[{"embeddable":true,"href":"https:\/\/blogsaverroes.juntadeandalucia.es\/ceipjosecalderon\/wp-json\/wp\/v2\/users\/18127"}],"replies":[{"embeddable":true,"href":"https:\/\/blogsaverroes.juntadeandalucia.es\/ceipjosecalderon\/wp-json\/wp\/v2\/comments?post=7408"}],"version-history":[{"count":1,"href":"https:\/\/blogsaverroes.juntadeandalucia.es\/ceipjosecalderon\/wp-json\/wp\/v2\/posts\/7408\/revisions"}],"predecessor-version":[{"id":7410,"href":"https:\/\/blogsaverroes.juntadeandalucia.es\/ceipjosecalderon\/wp-json\/wp\/v2\/posts\/7408\/revisions\/7410"}],"wp:featuredmedia":[{"embeddable":true,"href":"https:\/\/blogsaverroes.juntadeandalucia.es\/ceipjosecalderon\/wp-json\/wp\/v2\/media\/7409"}],"wp:attachment":[{"href":"https:\/\/blogsaverroes.juntadeandalucia.es\/ceipjosecalderon\/wp-json\/wp\/v2\/media?parent=7408"}],"wp:term":[{"taxonomy":"category","embeddable":true,"href":"https:\/\/blogsaverroes.juntadeandalucia.es\/ceipjosecalderon\/wp-json\/wp\/v2\/categories?post=7408"},{"taxonomy":"post_tag","embeddable":true,"href":"https:\/\/blogsaverroes.juntadeandalucia.es\/ceipjosecalderon\/wp-json\/wp\/v2\/tags?post=7408"}],"curies":[{"name":"wp","href":"https:\/\/api.w.org\/{rel}","templated":true}]}}