{"id":7416,"date":"2025-06-15T12:32:00","date_gmt":"2025-06-15T10:32:00","guid":{"rendered":"https:\/\/blogsaverroes.juntadeandalucia.es\/ceipjosecalderon\/?p=7416"},"modified":"2025-06-15T12:32:00","modified_gmt":"2025-06-15T10:32:00","slug":"todos-con-espana-2","status":"publish","type":"post","link":"https:\/\/blogsaverroes.juntadeandalucia.es\/ceipjosecalderon\/todos-con-espana-2\/","title":{"rendered":"Todos con Espa\u00f1a"},"content":{"rendered":"<p style=\"font-weight: 400\"><strong>El lunes 9 de junio gran parte de nuestro alumnado acudi\u00f3 al colegio con la camiseta de Espa\u00f1a. El objetivo era dar apoyo a la selecci\u00f3n espa\u00f1ola de f\u00fatbol tras la derrota en la final de la UEFA Nations League contra Portugal, en el partido disputado en Alemania el d\u00eda anterior.<\/strong><\/p>\n<p style=\"font-weight: 400\"><strong>Unas veces se gana, otras veces se pierde, pero lo importante son los valores del deporte y el juego limpio. No solo hay que estar con los equipos cuando se gana, tambi\u00e9n hay que apoyarlos tras la derrota. Conceptos muy educativos y que nuestro alumnado asimil\u00f3.<\/strong><\/p>\n<table style=\"border-collapse: collapse;width: 100%\">\n<tbody>\n<tr>\n<td style=\"width: 50%\"><a href=\"https:\/\/www.flickr.com\/photos\/colegiojcalderon\/albums\/72177720326869697\/\"><img loading=\"lazy\" decoding=\"async\" class=\"aligncenter\" src=\"https:\/\/blogger.googleusercontent.com\/img\/b\/R29vZ2xl\/AVvXsEihxoO3xFz8L6AX42V2d5a0D785erkBG2ZMrFEp8qHHKBnyEtkxgeJuaKLdLk1Sh09zp3sMmYYAC00lJWq8LW9DkzaTbXPVaO94vFvt8BCpJN7ry2lNvGVPj5pfkEu8F_mPkCRzafGPIWXUe5cMFL1R677m5nJjGvRrM2HkhN6JxPPTqt4-7zxqxgvhriU\/w467-h234\/Todos%20con%20Espa%C3%B1a%2009-06-2025%20(1).jpg\" width=\"298\" height=\"149\"><\/a><\/td>\n<td style=\"width: 50%\"><a href=\"https:\/\/youtu.be\/S5aohtylX1E\"><img loading=\"lazy\" decoding=\"async\" class=\"aligncenter\" src=\"https:\/\/blogger.googleusercontent.com\/img\/b\/R29vZ2xl\/AVvXsEjRUXdylRnQ4xsmxB_-PPK3UxvwpsqZ_5Z24Nw8AjH8ssLAL0xZfh02YZH7O6W5wtAxLU867_1uvapPjkQ35IbQ1HUW2SM_PQhQBYw-KkyaYI2nCEqIfmQJJDGYqLQO3lS5lmPk_idS3OEQLNdA_ThM-zy23utK-79RMSaz-nP4yb42RH5ndueTHKhTypE\/w468-h318\/Todos%20con%20Espa%C3%B1a%2009-06-2025%20(7).jpg\" width=\"237\" height=\"161\"><\/a><\/td>\n<\/tr>\n<tr>\n<td style=\"width: 50%;text-align: center\"><b><a href=\"https:\/\/photos.app.goo.gl\/QxmT9oPiNjtFfYzi9\">Pulsa la imagen para ver las fotos<\/a><\/b><\/td>\n<td style=\"width: 50%;text-align: center\"><b>Pulsa la imagen para ver el v\u00eddeo<\/b><\/td>\n<\/tr>\n<\/tbody>\n<\/table>\n","protected":false},"excerpt":{"rendered":"<p>El lunes 9 de junio gran parte de nuestro alumnado acudi\u00f3 al colegio con la camiseta de Espa\u00f1a. El objetivo era dar apoyo a la selecci\u00f3n espa\u00f1ola de f\u00fatbol tras la derrota en la final de la UEFA Nations League contra Portugal, en el partido disputado en Alemania el d\u00eda anterior. Unas veces se gana, [&hellip;]<\/p>\n","protected":false},"author":18127,"featured_media":7417,"comment_status":"closed","ping_status":"open","sticky":false,"template":"","format":"standard","meta":{"_et_pb_use_builder":"","_et_pb_old_content":"","_et_gb_content_width":"","ngg_post_thumbnail":0,"footnotes":""},"categories":[142,139,138,140,132,147,1,130],"tags":[],"aioseo_notices":[],"_links":{"self":[{"href":"https:\/\/blogsaverroes.juntadeandalucia.es\/ceipjosecalderon\/wp-json\/wp\/v2\/posts\/7416"}],"collection":[{"href":"https:\/\/blogsaverroes.juntadeandalucia.es\/ceipjosecalderon\/wp-json\/wp\/v2\/posts"}],"about":[{"href":"https:\/\/blogsaverroes.juntadeandalucia.es\/ceipjosecalderon\/wp-json\/wp\/v2\/types\/post"}],"author":[{"embeddable":true,"href":"https:\/\/blogsaverroes.juntadeandalucia.es\/ceipjosecalderon\/wp-json\/wp\/v2\/users\/18127"}],"replies":[{"embeddable":true,"href":"https:\/\/blogsaverroes.juntadeandalucia.es\/ceipjosecalderon\/wp-json\/wp\/v2\/comments?post=7416"}],"version-history":[{"count":1,"href":"https:\/\/blogsaverroes.juntadeandalucia.es\/ceipjosecalderon\/wp-json\/wp\/v2\/posts\/7416\/revisions"}],"predecessor-version":[{"id":7418,"href":"https:\/\/blogsaverroes.juntadeandalucia.es\/ceipjosecalderon\/wp-json\/wp\/v2\/posts\/7416\/revisions\/7418"}],"wp:featuredmedia":[{"embeddable":true,"href":"https:\/\/blogsaverroes.juntadeandalucia.es\/ceipjosecalderon\/wp-json\/wp\/v2\/media\/7417"}],"wp:attachment":[{"href":"https:\/\/blogsaverroes.juntadeandalucia.es\/ceipjosecalderon\/wp-json\/wp\/v2\/media?parent=7416"}],"wp:term":[{"taxonomy":"category","embeddable":true,"href":"https:\/\/blogsaverroes.juntadeandalucia.es\/ceipjosecalderon\/wp-json\/wp\/v2\/categories?post=7416"},{"taxonomy":"post_tag","embeddable":true,"href":"https:\/\/blogsaverroes.juntadeandalucia.es\/ceipjosecalderon\/wp-json\/wp\/v2\/tags?post=7416"}],"curies":[{"name":"wp","href":"https:\/\/api.w.org\/{rel}","templated":true}]}}