{"id":7454,"date":"2025-06-23T12:30:12","date_gmt":"2025-06-23T10:30:12","guid":{"rendered":"https:\/\/blogsaverroes.juntadeandalucia.es\/ceipjosecalderon\/?p=7454"},"modified":"2025-06-23T12:30:12","modified_gmt":"2025-06-23T10:30:12","slug":"bosque-encantado","status":"publish","type":"post","link":"https:\/\/blogsaverroes.juntadeandalucia.es\/ceipjosecalderon\/bosque-encantado\/","title":{"rendered":"Bosque Encantado"},"content":{"rendered":"<p><b>Coincidiendo con la \u00faltima semana de curso, entre el 16 y el 19 de junio, nuestro alumnado disfrut\u00f3 de nuestro Bosque Encantado y de los juegos relacionados con los cinco cuentos infantiles: Alicia en el Pa\u00eds de las Maravillas, Blancanieves y los siete enanitos, Los tres cerditos, Robin Hood y Caperucita Roja.<\/b><\/p>\n<table style=\"border-collapse: collapse;width: 100%\">\n<tbody>\n<tr>\n<td style=\"width: 100%\"><a href=\"https:\/\/www.flickr.com\/photos\/colegiojcalderon\/albums\/72177720327021846\/\" target=\"_blank\" rel=\"noopener\"><img loading=\"lazy\" decoding=\"async\" class=\"aligncenter\" src=\"https:\/\/blogger.googleusercontent.com\/img\/b\/R29vZ2xl\/AVvXsEgGb3o-SlUBjjgSSZRqt4wMasEDNk9oEE2B2sOxYpsood7DNSTjh9vyZrRlXTeWWPl5OawpWY19aAE_-PTwvWBBUiXQUUDb_bjaZ9MFzdSkhOL1eq5ggQwieq3IKZhhhIOlUPR4F29EgrKCJMMM2XOD2q99P-uasCitc_uimWQ1LtHpJIMtU6XXxLv4-t0\/w462-h260\/Bosque%20Encantado.%2016%20al%2019-06-2025%20(1).jpg\" width=\"617\" height=\"347\"><\/a><\/td>\n<\/tr>\n<tr>\n<td style=\"width: 100%;text-align: center\"><b><a href=\"https:\/\/photos.app.goo.gl\/NgfeXCrtjqHFWUsS9\">Pulsa la imagen para ver las fotos<\/a><\/b><\/td>\n<\/tr>\n<\/tbody>\n<\/table>\n","protected":false},"excerpt":{"rendered":"<p>Coincidiendo con la \u00faltima semana de curso, entre el 16 y el 19 de junio, nuestro alumnado disfrut\u00f3 de nuestro Bosque Encantado y de los juegos relacionados con los cinco cuentos infantiles: Alicia en el Pa\u00eds de las Maravillas, Blancanieves y los siete enanitos, Los tres cerditos, Robin Hood y Caperucita Roja. Pulsa la imagen [&hellip;]<\/p>\n","protected":false},"author":18127,"featured_media":7455,"comment_status":"closed","ping_status":"open","sticky":false,"template":"","format":"standard","meta":{"_et_pb_use_builder":"","_et_pb_old_content":"","_et_gb_content_width":"","ngg_post_thumbnail":0,"footnotes":""},"categories":[142,139,132,1,130],"tags":[],"aioseo_notices":[],"_links":{"self":[{"href":"https:\/\/blogsaverroes.juntadeandalucia.es\/ceipjosecalderon\/wp-json\/wp\/v2\/posts\/7454"}],"collection":[{"href":"https:\/\/blogsaverroes.juntadeandalucia.es\/ceipjosecalderon\/wp-json\/wp\/v2\/posts"}],"about":[{"href":"https:\/\/blogsaverroes.juntadeandalucia.es\/ceipjosecalderon\/wp-json\/wp\/v2\/types\/post"}],"author":[{"embeddable":true,"href":"https:\/\/blogsaverroes.juntadeandalucia.es\/ceipjosecalderon\/wp-json\/wp\/v2\/users\/18127"}],"replies":[{"embeddable":true,"href":"https:\/\/blogsaverroes.juntadeandalucia.es\/ceipjosecalderon\/wp-json\/wp\/v2\/comments?post=7454"}],"version-history":[{"count":1,"href":"https:\/\/blogsaverroes.juntadeandalucia.es\/ceipjosecalderon\/wp-json\/wp\/v2\/posts\/7454\/revisions"}],"predecessor-version":[{"id":7456,"href":"https:\/\/blogsaverroes.juntadeandalucia.es\/ceipjosecalderon\/wp-json\/wp\/v2\/posts\/7454\/revisions\/7456"}],"wp:featuredmedia":[{"embeddable":true,"href":"https:\/\/blogsaverroes.juntadeandalucia.es\/ceipjosecalderon\/wp-json\/wp\/v2\/media\/7455"}],"wp:attachment":[{"href":"https:\/\/blogsaverroes.juntadeandalucia.es\/ceipjosecalderon\/wp-json\/wp\/v2\/media?parent=7454"}],"wp:term":[{"taxonomy":"category","embeddable":true,"href":"https:\/\/blogsaverroes.juntadeandalucia.es\/ceipjosecalderon\/wp-json\/wp\/v2\/categories?post=7454"},{"taxonomy":"post_tag","embeddable":true,"href":"https:\/\/blogsaverroes.juntadeandalucia.es\/ceipjosecalderon\/wp-json\/wp\/v2\/tags?post=7454"}],"curies":[{"name":"wp","href":"https:\/\/api.w.org\/{rel}","templated":true}]}}