{"id":7597,"date":"2025-11-08T10:24:17","date_gmt":"2025-11-08T09:24:17","guid":{"rendered":"https:\/\/blogsaverroes.juntadeandalucia.es\/ceipjosecalderon\/?p=7597"},"modified":"2025-11-08T10:24:17","modified_gmt":"2025-11-08T09:24:17","slug":"inauguracion-del-huerto-2","status":"publish","type":"post","link":"https:\/\/blogsaverroes.juntadeandalucia.es\/ceipjosecalderon\/inauguracion-del-huerto-2\/","title":{"rendered":"Inauguraci\u00f3n del Huerto-2"},"content":{"rendered":"<p style=\"font-weight: 400\"><strong>Nos informa Marina Vacas, maestra de Pedagog\u00eda Terap\u00e9utica y coordinadora de nuestro Huerto Escolar.<\/strong><\/p>\n<p style=\"font-weight: 400\"><strong>Queda inaugurado el huerto-2.<\/strong><\/p>\n<p style=\"font-weight: 400\"><strong>Taller realizado con el alumnado de 6\u00ba que ha sembrado semillas de habas. Gracias por vuestro compromiso y participaci\u00f3n, tanto al alumnado, profesorado y AMPA que siempre est\u00e1n ah\u00ed para echar una mano.<\/strong><\/p>\n<table style=\"border-collapse: collapse;width: 100%\">\n<tbody>\n<tr>\n<td style=\"width: 100%\"><a href=\"https:\/\/www.flickr.com\/photos\/colegiojcalderon\/albums\/72177720330180497\/\" target=\"_blank\" rel=\"noopener\"><img loading=\"lazy\" decoding=\"async\" class=\"aligncenter\" src=\"https:\/\/blogger.googleusercontent.com\/img\/b\/R29vZ2xl\/AVvXsEiTepdNM_FFVupCePx9jxWCGhp1uCrV1jITHW6aMNruzLRrSg0CM8Lg_43wLvnNG9dkXy2Cum71RXVYenN5ZJm2WXg6TeCu-2yPglp64k9iAUFaJGLc6K7E6GNDN0NFxQ8yxTIED7HTl-Y4ZhGxP7B0qYglVTylSh9MwwIBm5v-zonjkbYmnXdVp3dT224\/w477-h331\/Huerto%20Escolar%2005-11-2025%20(1).jpg\" width=\"718\" height=\"498\"><\/a><\/td>\n<\/tr>\n<tr>\n<td style=\"width: 100%;text-align: center\"><b><a href=\"https:\/\/photos.app.goo.gl\/3YWSG2igZWYyiq6L9\">Pulsa la imagen para ver las fotos<\/a><\/b><\/td>\n<\/tr>\n<\/tbody>\n<\/table>\n","protected":false},"excerpt":{"rendered":"<p>Nos informa Marina Vacas, maestra de Pedagog\u00eda Terap\u00e9utica y coordinadora de nuestro Huerto Escolar. Queda inaugurado el huerto-2. Taller realizado con el alumnado de 6\u00ba que ha sembrado semillas de habas. Gracias por vuestro compromiso y participaci\u00f3n, tanto al alumnado, profesorado y AMPA que siempre est\u00e1n ah\u00ed para echar una mano. Pulsa la imagen para [&hellip;]<\/p>\n","protected":false},"author":18127,"featured_media":7598,"comment_status":"closed","ping_status":"open","sticky":false,"template":"","format":"standard","meta":{"_et_pb_use_builder":"","_et_pb_old_content":"","_et_gb_content_width":"","ngg_post_thumbnail":0,"footnotes":""},"categories":[151,139,140,147,1,130],"tags":[],"aioseo_notices":[],"_links":{"self":[{"href":"https:\/\/blogsaverroes.juntadeandalucia.es\/ceipjosecalderon\/wp-json\/wp\/v2\/posts\/7597"}],"collection":[{"href":"https:\/\/blogsaverroes.juntadeandalucia.es\/ceipjosecalderon\/wp-json\/wp\/v2\/posts"}],"about":[{"href":"https:\/\/blogsaverroes.juntadeandalucia.es\/ceipjosecalderon\/wp-json\/wp\/v2\/types\/post"}],"author":[{"embeddable":true,"href":"https:\/\/blogsaverroes.juntadeandalucia.es\/ceipjosecalderon\/wp-json\/wp\/v2\/users\/18127"}],"replies":[{"embeddable":true,"href":"https:\/\/blogsaverroes.juntadeandalucia.es\/ceipjosecalderon\/wp-json\/wp\/v2\/comments?post=7597"}],"version-history":[{"count":1,"href":"https:\/\/blogsaverroes.juntadeandalucia.es\/ceipjosecalderon\/wp-json\/wp\/v2\/posts\/7597\/revisions"}],"predecessor-version":[{"id":7599,"href":"https:\/\/blogsaverroes.juntadeandalucia.es\/ceipjosecalderon\/wp-json\/wp\/v2\/posts\/7597\/revisions\/7599"}],"wp:featuredmedia":[{"embeddable":true,"href":"https:\/\/blogsaverroes.juntadeandalucia.es\/ceipjosecalderon\/wp-json\/wp\/v2\/media\/7598"}],"wp:attachment":[{"href":"https:\/\/blogsaverroes.juntadeandalucia.es\/ceipjosecalderon\/wp-json\/wp\/v2\/media?parent=7597"}],"wp:term":[{"taxonomy":"category","embeddable":true,"href":"https:\/\/blogsaverroes.juntadeandalucia.es\/ceipjosecalderon\/wp-json\/wp\/v2\/categories?post=7597"},{"taxonomy":"post_tag","embeddable":true,"href":"https:\/\/blogsaverroes.juntadeandalucia.es\/ceipjosecalderon\/wp-json\/wp\/v2\/tags?post=7597"}],"curies":[{"name":"wp","href":"https:\/\/api.w.org\/{rel}","templated":true}]}}