{"id":7659,"date":"2025-11-25T20:33:23","date_gmt":"2025-11-25T19:33:23","guid":{"rendered":"https:\/\/blogsaverroes.juntadeandalucia.es\/ceipjosecalderon\/?p=7659"},"modified":"2025-11-25T20:33:23","modified_gmt":"2025-11-25T19:33:23","slug":"xix-dia-del-pedal-de-campanillas","status":"publish","type":"post","link":"https:\/\/blogsaverroes.juntadeandalucia.es\/ceipjosecalderon\/xix-dia-del-pedal-de-campanillas\/","title":{"rendered":"XIX D\u00eda del Pedal de Campanillas"},"content":{"rendered":"<p style=\"font-weight: 400\"><strong>El domingo 23 de noviembre tuvo lugar la decimonovena edici\u00f3n del D\u00eda del Pedal de Campanillas.<\/strong><\/p>\n<p style=\"font-weight: 400\"><strong>Esta prueba consisti\u00f3 en un paseo por las calles de Campanillas. Fue una actividad deportiva, recreativa, participativa, asociativa y familiar que promocion\u00f3 el ejercicio f\u00edsico.<\/strong><\/p>\n<p style=\"font-weight: 400\"><strong>No fue una competici\u00f3n, por lo que se circul\u00f3 a velocidad moderada y se respet\u00f3 en todo momento las recomendaciones de la organizaci\u00f3n.<\/strong><\/p>\n<p style=\"font-weight: 400\"><strong>Fue un homenaje a este veh\u00edculo tan popular, tan entra\u00f1able para peque\u00f1os y mayores. Se trat\u00f3 de sacar la bici a la calle y dar un paseo por nuestro barrio con nuestros amigos y familiares, en una jornada de convivencia y esparcimiento.<\/strong><\/p>\n<p style=\"font-weight: 400\"><strong>La salida se realiz\u00f3 a las 10:30 desde Oxygen Gym en el Parque Tecnol\u00f3gico de Andaluc\u00eda. El Jefe de Distrito Daniel Mu\u00f1oz dio el pistoletazo de salida. La llegada sobre las 12:00 fue en la Junta de Distrito. A la llegada tuvo lugar la entrega de premios que corri\u00f3 a cargo de la Concejala de Distrito Mar Torres. Una vez m\u00e1s, nuestro colegio recibi\u00f3 el trofeo a la mayor participaci\u00f3n. Alumnado y familiares de nuestro colegio recibieron premios individuales tras el sorteo.<\/strong><\/p>\n<p style=\"font-weight: 400\"><strong>Una ma\u00f1ana muy divertida en familia haciendo deporte, en esta ocasi\u00f3n con las bicicletas.<\/strong><\/p>\n<p style=\"font-weight: 400\"><strong>Nuestra enhorabuena a los trescientos participantes y a la Junta de Distrito por este XIX D\u00eda del Pedal de Campanillas, que cont\u00f3 con la colaboraci\u00f3n del \u00c1rea de Deportes del Ayuntamiento de M\u00e1laga, de los Servicios Operativos en el montaje y entidades del entorno en los premios entregados.<\/strong><\/p>\n<table style=\"border-collapse: collapse;width: 100%\">\n<tbody>\n<tr>\n<td style=\"width: 100%\"><a href=\"https:\/\/www.flickr.com\/photos\/colegiojcalderon\/albums\/72177720330522120\/\" target=\"_blank\" rel=\"noopener\"><img decoding=\"async\" class=\"aligncenter\" src=\"https:\/\/blogger.googleusercontent.com\/img\/b\/R29vZ2xl\/AVvXsEiW4uoztXh8Za5VgH3M2semwf672V-yYq6bQ60U2PYkZPpNIwq23DxHG2P7YLLygmf6yfI-0IoUH9XiWN9lPid0-q0VliqP1M8VyJYQHMmgwagzodNKUVXpjI5WazzMoat_3XpwOOVS-Dp-MbpnXLXcaKvwVKz5ft8Wpz0YyJvMI02XaaHuN0C9w4rXeKk\/w532-h356\/XIX%20D%C3%ADa%20del%20Pedal%20de%20Campanillas%2023-11-2025%20(2).jpg\"><\/a><\/td>\n<\/tr>\n<tr>\n<td style=\"width: 100%;text-align: center\"><b><a href=\"https:\/\/photos.app.goo.gl\/97ru8HxrAdtYdpxJ8\">Pulsa la imagen para ver las fotos<\/a><\/b><\/td>\n<\/tr>\n<tr>\n<td style=\"width: 100%;text-align: center\"><a href=\"https:\/\/youtu.be\/A3y6RWsA6mY\" target=\"_blank\" rel=\"noopener\"><img decoding=\"async\" src=\"https:\/\/blogger.googleusercontent.com\/img\/b\/R29vZ2xl\/AVvXsEjEPFPMLttWBGRsnERWaM5WVkWYwe-5mgzZrmQtzg22PL7Qw2-qMAptL0-qT0rqxZMtn_yy4HuMcMag1qeqgohYnjgYqJzgPsERl3C6qeFlOIXVTfFw6ZUzN_Xj09wZkV7kbEtwvvOFbAavdU-L8IuIbx9PnOrX-t90_nGb5g-Mw0u4a8xtKWJgdiTVXXA\/w524-h757\/XIX%20D%C3%ADa%20del%20Pedal%20de%20Campanillas%2023-11-2025%20(1).jpg\"><\/a><\/td>\n<\/tr>\n<tr>\n<td style=\"width: 100%;text-align: center\"><b>Pulsa la imagen para ver el v\u00eddeo<\/b><\/td>\n<\/tr>\n<\/tbody>\n<\/table>\n","protected":false},"excerpt":{"rendered":"<p>El domingo 23 de noviembre tuvo lugar la decimonovena edici\u00f3n del D\u00eda del Pedal de Campanillas. Esta prueba consisti\u00f3 en un paseo por las calles de Campanillas. Fue una actividad deportiva, recreativa, participativa, asociativa y familiar que promocion\u00f3 el ejercicio f\u00edsico. No fue una competici\u00f3n, por lo que se circul\u00f3 a velocidad moderada y se [&hellip;]<\/p>\n","protected":false},"author":18127,"featured_media":7660,"comment_status":"closed","ping_status":"open","sticky":false,"template":"","format":"standard","meta":{"_et_pb_use_builder":"","_et_pb_old_content":"","_et_gb_content_width":"","ngg_post_thumbnail":0,"footnotes":""},"categories":[151,138,140,132,4,147,1,6],"tags":[],"aioseo_notices":[],"_links":{"self":[{"href":"https:\/\/blogsaverroes.juntadeandalucia.es\/ceipjosecalderon\/wp-json\/wp\/v2\/posts\/7659"}],"collection":[{"href":"https:\/\/blogsaverroes.juntadeandalucia.es\/ceipjosecalderon\/wp-json\/wp\/v2\/posts"}],"about":[{"href":"https:\/\/blogsaverroes.juntadeandalucia.es\/ceipjosecalderon\/wp-json\/wp\/v2\/types\/post"}],"author":[{"embeddable":true,"href":"https:\/\/blogsaverroes.juntadeandalucia.es\/ceipjosecalderon\/wp-json\/wp\/v2\/users\/18127"}],"replies":[{"embeddable":true,"href":"https:\/\/blogsaverroes.juntadeandalucia.es\/ceipjosecalderon\/wp-json\/wp\/v2\/comments?post=7659"}],"version-history":[{"count":1,"href":"https:\/\/blogsaverroes.juntadeandalucia.es\/ceipjosecalderon\/wp-json\/wp\/v2\/posts\/7659\/revisions"}],"predecessor-version":[{"id":7661,"href":"https:\/\/blogsaverroes.juntadeandalucia.es\/ceipjosecalderon\/wp-json\/wp\/v2\/posts\/7659\/revisions\/7661"}],"wp:featuredmedia":[{"embeddable":true,"href":"https:\/\/blogsaverroes.juntadeandalucia.es\/ceipjosecalderon\/wp-json\/wp\/v2\/media\/7660"}],"wp:attachment":[{"href":"https:\/\/blogsaverroes.juntadeandalucia.es\/ceipjosecalderon\/wp-json\/wp\/v2\/media?parent=7659"}],"wp:term":[{"taxonomy":"category","embeddable":true,"href":"https:\/\/blogsaverroes.juntadeandalucia.es\/ceipjosecalderon\/wp-json\/wp\/v2\/categories?post=7659"},{"taxonomy":"post_tag","embeddable":true,"href":"https:\/\/blogsaverroes.juntadeandalucia.es\/ceipjosecalderon\/wp-json\/wp\/v2\/tags?post=7659"}],"curies":[{"name":"wp","href":"https:\/\/api.w.org\/{rel}","templated":true}]}}