{"id":7674,"date":"2025-11-30T13:21:05","date_gmt":"2025-11-30T12:21:05","guid":{"rendered":"https:\/\/blogsaverroes.juntadeandalucia.es\/ceipjosecalderon\/?p=7674"},"modified":"2025-11-30T13:21:05","modified_gmt":"2025-11-30T12:21:05","slug":"programa-investiga-y-descubre-1-de-11","status":"publish","type":"post","link":"https:\/\/blogsaverroes.juntadeandalucia.es\/ceipjosecalderon\/programa-investiga-y-descubre-1-de-11\/","title":{"rendered":"Programa Investiga y Descubre (1 de 11)"},"content":{"rendered":"<p style=\"font-weight: 400\"><strong>El mi\u00e9rcoles 26 de noviembre ech\u00f3 a andar una nueva edici\u00f3n del Programa Investiga y Descubre, que desde 2012 viene realizando nuestro colegio ininterrumpidamente, con la \u00fanica excepci\u00f3n de 2020 por la pandemia del COVID.&nbsp;<\/strong><\/p>\n<p style=\"font-weight: 400\"><strong>Dicho programa lo convoca la Consejer\u00eda de Desarrollo Educativo de la Junta de Andaluc\u00eda y va dirigido a alumnado de Altas Capacidades Intelectuales y a alumnado que destaca por su af\u00e1n investigador con buenas calificaciones escolares.<\/strong><\/p>\n<p style=\"font-weight: 400\"><strong>El programa se desarrolla en once sesiones. De ellas diez en mi\u00e9rcoles por la tarde y una en s\u00e1bado por la ma\u00f1ana, que ser\u00e1 una excursi\u00f3n a las Cuevas de Nerja.&nbsp;&nbsp;&nbsp;<\/strong><\/p>\n<p style=\"font-weight: 400\"><strong>Participan 30 alumnos\/as en dos grupos de 15. El grupo de modalidad A (3\u00ba y 4\u00ba) est\u00e1 tutorizado por Juan Manuel Guerrero y el grupo B (5\u00ba y 6\u00ba) por Inmaculada Monterrey. El tema central es \u201cLa Historia desde\u2026\u201d<\/strong><\/p>\n<p style=\"font-weight: 400\"><strong>El mi\u00e9rcoles 26 de noviembre fue la jornada inaugural, a la que asistieron alumnado y familias. El director Salvador Ortiz y los tutores de ambos grupos explicaron c\u00f3mo se desarrollar\u00e1 el programa y se procedi\u00f3 a la firma de las autorizaciones.<\/strong><\/p>\n<p style=\"font-weight: 400\"><strong>Juan Manuel Guerrero nos informa sobre qu\u00e9 realizaron en la primera sesi\u00f3n.<\/strong><\/p>\n<p style=\"font-weight: 400\"><strong>En nuestra primera sesi\u00f3n sobre &#8220;La Historia desde&#8230;&#8221; nos hemos parado en averiguar primero qu\u00e9 es la Historia, qu\u00e9 estudia y qui\u00e9nes lo hacen. Tras ello hemos hecho un brev\u00edsimo viaje a las edades de la historia y es aqu\u00ed donde se nos ha ido el resto de la sesi\u00f3n, en crear nuestra propia l\u00ednea temporal con cosas interesantes que ellos han buscado de las diferentes \u00e9pocas. A\u00fan queda much\u00edsimo por descubrir, pero ha sido un primer paso muy interesante&nbsp;y&nbsp;divertido.<\/strong><\/p>\n<table style=\"border-collapse: collapse;width: 100%\">\n<tbody>\n<tr>\n<td style=\"width: 100%\"><a href=\"https:\/\/www.flickr.com\/photos\/colegiojcalderon\/albums\/72177720330635434\/\" target=\"_blank\" rel=\"noopener\"><img loading=\"lazy\" decoding=\"async\" class=\"aligncenter\" src=\"https:\/\/blogger.googleusercontent.com\/img\/b\/R29vZ2xl\/AVvXsEjywNJsm8vS2ex_Q8N3QJBg7Zm5_lc8fnJiOimbiux4Y1RHmpq4zJiApcOs6kIK2OL_N35ONDEIpykqqsshcj5aSxOCvr-uEc6julfHksA1bYPaOh9inWJ570xwyOFFl5d6ksrpd7qOX87PX7Kd6IEq6Rhn3wEiy6OdNhWIQCrjIHwiPVBEQBhyphenhyphenLlj1mGc\/w531-h398\/Investiga%20y%20Descubre%2026-11-2025%20(1).jpg\" width=\"614\" height=\"460\"><\/a><\/td>\n<\/tr>\n<tr>\n<td style=\"width: 100%;text-align: center\"><b><a href=\"https:\/\/photos.app.goo.gl\/59VCJnKRUSJPqP4f7\">Pulsa la imagen para ver las fotos<\/a><\/b><\/td>\n<\/tr>\n<\/tbody>\n<\/table>\n","protected":false},"excerpt":{"rendered":"<p>El mi\u00e9rcoles 26 de noviembre ech\u00f3 a andar una nueva edici\u00f3n del Programa Investiga y Descubre, que desde 2012 viene realizando nuestro colegio ininterrumpidamente, con la \u00fanica excepci\u00f3n de 2020 por la pandemia del COVID.&nbsp; Dicho programa lo convoca la Consejer\u00eda de Desarrollo Educativo de la Junta de Andaluc\u00eda y va dirigido a alumnado de [&hellip;]<\/p>\n","protected":false},"author":18127,"featured_media":7675,"comment_status":"closed","ping_status":"open","sticky":false,"template":"","format":"standard","meta":{"_et_pb_use_builder":"","_et_pb_old_content":"","_et_gb_content_width":"","ngg_post_thumbnail":0,"footnotes":""},"categories":[151,139,147,1,130],"tags":[],"aioseo_notices":[],"_links":{"self":[{"href":"https:\/\/blogsaverroes.juntadeandalucia.es\/ceipjosecalderon\/wp-json\/wp\/v2\/posts\/7674"}],"collection":[{"href":"https:\/\/blogsaverroes.juntadeandalucia.es\/ceipjosecalderon\/wp-json\/wp\/v2\/posts"}],"about":[{"href":"https:\/\/blogsaverroes.juntadeandalucia.es\/ceipjosecalderon\/wp-json\/wp\/v2\/types\/post"}],"author":[{"embeddable":true,"href":"https:\/\/blogsaverroes.juntadeandalucia.es\/ceipjosecalderon\/wp-json\/wp\/v2\/users\/18127"}],"replies":[{"embeddable":true,"href":"https:\/\/blogsaverroes.juntadeandalucia.es\/ceipjosecalderon\/wp-json\/wp\/v2\/comments?post=7674"}],"version-history":[{"count":1,"href":"https:\/\/blogsaverroes.juntadeandalucia.es\/ceipjosecalderon\/wp-json\/wp\/v2\/posts\/7674\/revisions"}],"predecessor-version":[{"id":7676,"href":"https:\/\/blogsaverroes.juntadeandalucia.es\/ceipjosecalderon\/wp-json\/wp\/v2\/posts\/7674\/revisions\/7676"}],"wp:featuredmedia":[{"embeddable":true,"href":"https:\/\/blogsaverroes.juntadeandalucia.es\/ceipjosecalderon\/wp-json\/wp\/v2\/media\/7675"}],"wp:attachment":[{"href":"https:\/\/blogsaverroes.juntadeandalucia.es\/ceipjosecalderon\/wp-json\/wp\/v2\/media?parent=7674"}],"wp:term":[{"taxonomy":"category","embeddable":true,"href":"https:\/\/blogsaverroes.juntadeandalucia.es\/ceipjosecalderon\/wp-json\/wp\/v2\/categories?post=7674"},{"taxonomy":"post_tag","embeddable":true,"href":"https:\/\/blogsaverroes.juntadeandalucia.es\/ceipjosecalderon\/wp-json\/wp\/v2\/tags?post=7674"}],"curies":[{"name":"wp","href":"https:\/\/api.w.org\/{rel}","templated":true}]}}