{"id":7703,"date":"2025-12-09T13:37:54","date_gmt":"2025-12-09T12:37:54","guid":{"rendered":"https:\/\/blogsaverroes.juntadeandalucia.es\/ceipjosecalderon\/?p=7703"},"modified":"2025-12-09T13:38:42","modified_gmt":"2025-12-09T12:38:42","slug":"dia-de-la-diversidad-funcional-2","status":"publish","type":"post","link":"https:\/\/blogsaverroes.juntadeandalucia.es\/ceipjosecalderon\/dia-de-la-diversidad-funcional-2\/","title":{"rendered":"D\u00eda de la Diversidad Funcional"},"content":{"rendered":"<p style=\"font-weight: 400\"><strong>Nos informa Nieves Jurado, maestra de Pedagog\u00eda Terap\u00e9utica y coordinadora del Equipo de Orientaci\u00f3n en nuestro colegio.<\/strong><\/p>\n<p style=\"font-weight: 400\"><strong>El mi\u00e9rcoles 3 de diciembre celebramos en nuestro colegio el D\u00eda de la Diversidad Funcional.<\/strong><\/p>\n<p style=\"font-weight: 400\"><strong>En Infantil y 1er ciclo vieron el cuento de &#8220;Superlola&#8221;.<\/strong><\/p>\n<p style=\"font-weight: 400\"><strong>En 2\u00ba ciclo y 3er ciclo cuento y Genially.<\/strong><\/p>\n<p style=\"font-weight: 400\"><strong>En todos los cursos se entreg\u00f3 una fotocopia de un superh\u00e9roe, la colorearon y pusieron cual era su superpoder.&nbsp;<\/strong><\/p>\n<p style=\"font-weight: 400\"><strong>El Equipo de Orientaci\u00f3n nos pasamos por las clases hablando del D\u00eda de la Diversidad Funcional y el por qu\u00e9 hacemos esa actividad.<\/strong><\/p>\n<p style=\"font-weight: 400\"><strong>Los d\u00edas 10 y 11 de diciembre recogeremos el material y reflexionaremos sobre la actividad hecha. Se expondr\u00e1n los dibujos en&nbsp;varios&nbsp;murales.<\/strong><\/p>\n<table style=\"border-collapse: collapse;width: 100%\">\n<tbody>\n<tr>\n<td style=\"width: 100%\"><img loading=\"lazy\" decoding=\"async\" class=\"aligncenter\" src=\"https:\/\/blogger.googleusercontent.com\/img\/b\/R29vZ2xl\/AVvXsEgzr2xRPbWGaBdDTJdeYqqqY4oU7npnMvXpkqnoSK8Is4WnJgtZpP1X3UC7rzqmYxdJlRLdjb_hVKDU4X9-5TkBrulZcMsdpOR00FFU47Vsad9VALjfqjaXPHJwp1-qeQ1qQx9RvVoMF00aGAzoYeZ90mgpqbceCIiialPBr5P2KzH2riOijDn9BhWwm4Y\/w526-h395\/Diversidad%20Funcional%2003-12-2025%20(1).jpg\" width=\"577\" height=\"433\"><\/td>\n<\/tr>\n<tr>\n<td style=\"width: 100%;text-align: center\"><b><a href=\"https:\/\/photos.app.goo.gl\/i168Y7pE9TeJryWKA\">Pulsa la imagen para ver las fotos<\/a><\/b><\/td>\n<\/tr>\n<\/tbody>\n<\/table>\n","protected":false},"excerpt":{"rendered":"<p>Nos informa Nieves Jurado, maestra de Pedagog\u00eda Terap\u00e9utica y coordinadora del Equipo de Orientaci\u00f3n en nuestro colegio. El mi\u00e9rcoles 3 de diciembre celebramos en nuestro colegio el D\u00eda de la Diversidad Funcional. En Infantil y 1er ciclo vieron el cuento de &#8220;Superlola&#8221;. En 2\u00ba ciclo y 3er ciclo cuento y Genially. En todos los cursos [&hellip;]<\/p>\n","protected":false},"author":18127,"featured_media":7704,"comment_status":"closed","ping_status":"open","sticky":false,"template":"","format":"standard","meta":{"_et_pb_use_builder":"","_et_pb_old_content":"","_et_gb_content_width":"","ngg_post_thumbnail":0,"footnotes":""},"categories":[151,139,59,4,1,130],"tags":[],"aioseo_notices":[],"_links":{"self":[{"href":"https:\/\/blogsaverroes.juntadeandalucia.es\/ceipjosecalderon\/wp-json\/wp\/v2\/posts\/7703"}],"collection":[{"href":"https:\/\/blogsaverroes.juntadeandalucia.es\/ceipjosecalderon\/wp-json\/wp\/v2\/posts"}],"about":[{"href":"https:\/\/blogsaverroes.juntadeandalucia.es\/ceipjosecalderon\/wp-json\/wp\/v2\/types\/post"}],"author":[{"embeddable":true,"href":"https:\/\/blogsaverroes.juntadeandalucia.es\/ceipjosecalderon\/wp-json\/wp\/v2\/users\/18127"}],"replies":[{"embeddable":true,"href":"https:\/\/blogsaverroes.juntadeandalucia.es\/ceipjosecalderon\/wp-json\/wp\/v2\/comments?post=7703"}],"version-history":[{"count":1,"href":"https:\/\/blogsaverroes.juntadeandalucia.es\/ceipjosecalderon\/wp-json\/wp\/v2\/posts\/7703\/revisions"}],"predecessor-version":[{"id":7705,"href":"https:\/\/blogsaverroes.juntadeandalucia.es\/ceipjosecalderon\/wp-json\/wp\/v2\/posts\/7703\/revisions\/7705"}],"wp:featuredmedia":[{"embeddable":true,"href":"https:\/\/blogsaverroes.juntadeandalucia.es\/ceipjosecalderon\/wp-json\/wp\/v2\/media\/7704"}],"wp:attachment":[{"href":"https:\/\/blogsaverroes.juntadeandalucia.es\/ceipjosecalderon\/wp-json\/wp\/v2\/media?parent=7703"}],"wp:term":[{"taxonomy":"category","embeddable":true,"href":"https:\/\/blogsaverroes.juntadeandalucia.es\/ceipjosecalderon\/wp-json\/wp\/v2\/categories?post=7703"},{"taxonomy":"post_tag","embeddable":true,"href":"https:\/\/blogsaverroes.juntadeandalucia.es\/ceipjosecalderon\/wp-json\/wp\/v2\/tags?post=7703"}],"curies":[{"name":"wp","href":"https:\/\/api.w.org\/{rel}","templated":true}]}}