{"id":7893,"date":"2026-02-16T20:08:49","date_gmt":"2026-02-16T19:08:49","guid":{"rendered":"https:\/\/blogsaverroes.juntadeandalucia.es\/ceipjosecalderon\/?p=7893"},"modified":"2026-02-16T20:08:49","modified_gmt":"2026-02-16T19:08:49","slug":"dia-de-la-amistad","status":"publish","type":"post","link":"https:\/\/blogsaverroes.juntadeandalucia.es\/ceipjosecalderon\/dia-de-la-amistad\/","title":{"rendered":"D\u00eda de la Amistad"},"content":{"rendered":"<p style=\"font-weight: 400\"><strong>Organizado por Inmaculada Monterrey, coordinadora del Proyecto Escuela Espacio de Paz, se celebr\u00f3 el D\u00eda de la Amistad el viernes 13 de febrero.<\/strong><\/p>\n<p style=\"font-weight: 400\"><strong>Nos informa Inmaculada.<\/strong><\/p>\n<p style=\"font-weight: 400\"><strong>Con motivo del D\u00eda de San Valent\u00edn, celebramos con nuestro alumnado el d\u00eda del amor y la amistad. El trabajo se enfoc\u00f3 en conocernos mejor a nosotros mismos, mejorar nuestra propia imagen y demostrar nuestro cari\u00f1o a los dem\u00e1s.<\/strong><\/p>\n<p style=\"font-weight: 400\"><strong>Las actividades ofrecieron la oportunidad de reflexionar con el alumnado sobre las personas que quieren, qu\u00e9 es la amistad, el amor y realizar un mapa de su propio coraz\u00f3n (gustos, aficiones, familia\u2026).<\/strong><\/p>\n<p style=\"font-weight: 400\"><strong>Finalmente, se realiz\u00f3 un amigo invisible por clase. Cada tutor\/a dio a cada<br \/>\nalumno\/a el nombre de un compa\u00f1ero\/a que fue secreto. El alumnado realiz\u00f3 un dibujo, nota o carta y un marcap\u00e1ginas (seg\u00fan nivel educativo del alumno) para regalar a su amigo invisible.<\/strong><\/p>\n<p style=\"font-weight: 400\"><strong>Igualmente se vieron v\u00eddeos sobre la amistad, haciendo una tertulia de lo que es ser buen amigo y no ser amigo (Infantil); valores de la amistad (1er ciclo), qu\u00e9 es la amistad (2\u00ba ciclo); amistades sanas y t\u00f3xicas (3er ciclo).<\/strong><\/p>\n<table style=\"border-collapse: collapse;width: 100%\">\n<tbody>\n<tr>\n<td style=\"width: 100%\"><a href=\"https:\/\/www.flickr.com\/photos\/colegiojcalderon\/albums\/72177720332042559\/\" target=\"_blank\" rel=\"noopener\"><img loading=\"lazy\" decoding=\"async\" class=\"aligncenter\" src=\"https:\/\/blogger.googleusercontent.com\/img\/b\/R29vZ2xl\/AVvXsEgWR6nKCE80SdUJAA2ytIRz9M9mmz6jdERpk2SC8hWt3p5RQfeZYXTJDSRAnyFqrJBzRchov949mt0GjBPn_WFTEz4D7Wbo8ykINqnW2nfJzKoq6ONXEEK5eyAD4PZk-cvWf9dPnaeD5FKcrr2_HlwmHWITy20WabWIw8wUZKFPfPjAxgJvE3NuZEJXuBs\/w527-h395\/D%C3%ADa%20de%20la%20Amistad%2013-02-2026%20(1).jpg\" width=\"611\" height=\"458\"><\/a><\/td>\n<\/tr>\n<tr>\n<td style=\"width: 100%;text-align: center\"><b><a href=\"https:\/\/photos.app.goo.gl\/CuXLC5fWKyWcU5SS7\">Pulsa la imagen para ver las fotos<\/a><\/b><\/td>\n<\/tr>\n<\/tbody>\n<\/table>\n","protected":false},"excerpt":{"rendered":"<p>Organizado por Inmaculada Monterrey, coordinadora del Proyecto Escuela Espacio de Paz, se celebr\u00f3 el D\u00eda de la Amistad el viernes 13 de febrero. Nos informa Inmaculada. Con motivo del D\u00eda de San Valent\u00edn, celebramos con nuestro alumnado el d\u00eda del amor y la amistad. El trabajo se enfoc\u00f3 en conocernos mejor a nosotros mismos, mejorar [&hellip;]<\/p>\n","protected":false},"author":18127,"featured_media":7894,"comment_status":"closed","ping_status":"open","sticky":false,"template":"","format":"standard","meta":{"_et_pb_use_builder":"","_et_pb_old_content":"","_et_gb_content_width":"","ngg_post_thumbnail":0,"footnotes":""},"categories":[151,139,132,147,1,130],"tags":[],"aioseo_notices":[],"_links":{"self":[{"href":"https:\/\/blogsaverroes.juntadeandalucia.es\/ceipjosecalderon\/wp-json\/wp\/v2\/posts\/7893"}],"collection":[{"href":"https:\/\/blogsaverroes.juntadeandalucia.es\/ceipjosecalderon\/wp-json\/wp\/v2\/posts"}],"about":[{"href":"https:\/\/blogsaverroes.juntadeandalucia.es\/ceipjosecalderon\/wp-json\/wp\/v2\/types\/post"}],"author":[{"embeddable":true,"href":"https:\/\/blogsaverroes.juntadeandalucia.es\/ceipjosecalderon\/wp-json\/wp\/v2\/users\/18127"}],"replies":[{"embeddable":true,"href":"https:\/\/blogsaverroes.juntadeandalucia.es\/ceipjosecalderon\/wp-json\/wp\/v2\/comments?post=7893"}],"version-history":[{"count":1,"href":"https:\/\/blogsaverroes.juntadeandalucia.es\/ceipjosecalderon\/wp-json\/wp\/v2\/posts\/7893\/revisions"}],"predecessor-version":[{"id":7895,"href":"https:\/\/blogsaverroes.juntadeandalucia.es\/ceipjosecalderon\/wp-json\/wp\/v2\/posts\/7893\/revisions\/7895"}],"wp:featuredmedia":[{"embeddable":true,"href":"https:\/\/blogsaverroes.juntadeandalucia.es\/ceipjosecalderon\/wp-json\/wp\/v2\/media\/7894"}],"wp:attachment":[{"href":"https:\/\/blogsaverroes.juntadeandalucia.es\/ceipjosecalderon\/wp-json\/wp\/v2\/media?parent=7893"}],"wp:term":[{"taxonomy":"category","embeddable":true,"href":"https:\/\/blogsaverroes.juntadeandalucia.es\/ceipjosecalderon\/wp-json\/wp\/v2\/categories?post=7893"},{"taxonomy":"post_tag","embeddable":true,"href":"https:\/\/blogsaverroes.juntadeandalucia.es\/ceipjosecalderon\/wp-json\/wp\/v2\/tags?post=7893"}],"curies":[{"name":"wp","href":"https:\/\/api.w.org\/{rel}","templated":true}]}}