{"id":7896,"date":"2026-02-16T20:13:19","date_gmt":"2026-02-16T19:13:19","guid":{"rendered":"https:\/\/blogsaverroes.juntadeandalucia.es\/ceipjosecalderon\/?p=7896"},"modified":"2026-02-16T20:13:19","modified_gmt":"2026-02-16T19:13:19","slug":"dia-de-carnaval","status":"publish","type":"post","link":"https:\/\/blogsaverroes.juntadeandalucia.es\/ceipjosecalderon\/dia-de-carnaval\/","title":{"rendered":"D\u00eda de Carnaval"},"content":{"rendered":"<p style=\"font-weight: 400\"><strong>El viernes 13 de febrero acudieron al colegio muchas princesas, polic\u00edas, spidermen, egipcias, indias, hippies, Harry Potters\u2026 y muchos personajes de series y pel\u00edculas.<\/strong><\/p>\n<p style=\"font-weight: 400\"><strong>Efectivamente, se celebr\u00f3 el D\u00eda de Carnaval. En primer ciclo se realizaron juegos en el Pabell\u00f3n Deportivo, en Infantil, juegos y desfiles de disfraces. El desfile tambi\u00e9n se realiz\u00f3 en el recreo con todo el alumnado de Primaria.<\/strong><\/p>\n<table style=\"border-collapse: collapse;width: 100%\">\n<tbody>\n<tr>\n<td style=\"width: 50%\"><a href=\"https:\/\/www.flickr.com\/photos\/colegiojcalderon\/albums\/72177720332015237\/\" target=\"_blank\" rel=\"noopener\"><img loading=\"lazy\" decoding=\"async\" class=\"aligncenter\" src=\"https:\/\/blogger.googleusercontent.com\/img\/b\/R29vZ2xl\/AVvXsEgp7_-fBb0BeCCFc-1jIvr5SL4QbYoOyJELUaL0-K0n7nTdd8RvYgHbzDXvjqLLn-0ioC2sMtp9iziLiWiyaR9vspThp0OWdouWKIsMp3mlXU4M5ZQiDBrH9scC3lMOLcocervwLDTIgqRmh9gxcJe4mzebhZKoqYe6GVbOOWjRCUyi6qOh_SDGYMlPO5U\/w519-h291\/D%C3%ADa%20de%20Carnaval%2013-02-2026%20(1).jpg\" width=\"576\" height=\"325\"><\/a><\/td>\n<td style=\"width: 50%\"><a href=\"https:\/\/youtu.be\/NDJ7g6qpS_g\" target=\"_blank\" rel=\"noopener\"><img loading=\"lazy\" decoding=\"async\" class=\"aligncenter\" src=\"https:\/\/blogger.googleusercontent.com\/img\/b\/R29vZ2xl\/AVvXsEgwp-R4paItTO7gCiGG_UKm7_z5xiODYJuV-B2isjqbM7rSTAeqdC_dtwCVnHMazDctS7cVEsTO6zceysozV1pXV9wXUoE6yYNnRrLoFKlH00LnfHrVAkAPMctSTbmoQ8igt6gIqu8Ci7W4bmJnmtdiLvKRwJGsIUQFRxGlXVzoDoGr8c_RHsbJAU1xmpw\/w534-h301\/D%C3%ADa%20de%20Carnaval%2013-02-2026%20(26).jpg\" width=\"575\" height=\"324\"><\/a><\/td>\n<\/tr>\n<tr>\n<td style=\"width: 50%;text-align: center\"><b><a href=\"https:\/\/photos.app.goo.gl\/SwBkk7xkhJSQw35aA\">Pulsa la imagen para ver las fotos<\/a><\/b><\/td>\n<td style=\"width: 50%;text-align: center\"><b>Pulsa la imagen para ver el v\u00eddeo<\/b><\/td>\n<\/tr>\n<\/tbody>\n<\/table>\n","protected":false},"excerpt":{"rendered":"<p>El viernes 13 de febrero acudieron al colegio muchas princesas, polic\u00edas, spidermen, egipcias, indias, hippies, Harry Potters\u2026 y muchos personajes de series y pel\u00edculas. Efectivamente, se celebr\u00f3 el D\u00eda de Carnaval. En primer ciclo se realizaron juegos en el Pabell\u00f3n Deportivo, en Infantil, juegos y desfiles de disfraces. El desfile tambi\u00e9n se realiz\u00f3 en el [&hellip;]<\/p>\n","protected":false},"author":18127,"featured_media":7897,"comment_status":"closed","ping_status":"open","sticky":false,"template":"","format":"standard","meta":{"_et_pb_use_builder":"","_et_pb_old_content":"","_et_gb_content_width":"","ngg_post_thumbnail":0,"footnotes":""},"categories":[151,139,132,147,1,130,6],"tags":[],"aioseo_notices":[],"_links":{"self":[{"href":"https:\/\/blogsaverroes.juntadeandalucia.es\/ceipjosecalderon\/wp-json\/wp\/v2\/posts\/7896"}],"collection":[{"href":"https:\/\/blogsaverroes.juntadeandalucia.es\/ceipjosecalderon\/wp-json\/wp\/v2\/posts"}],"about":[{"href":"https:\/\/blogsaverroes.juntadeandalucia.es\/ceipjosecalderon\/wp-json\/wp\/v2\/types\/post"}],"author":[{"embeddable":true,"href":"https:\/\/blogsaverroes.juntadeandalucia.es\/ceipjosecalderon\/wp-json\/wp\/v2\/users\/18127"}],"replies":[{"embeddable":true,"href":"https:\/\/blogsaverroes.juntadeandalucia.es\/ceipjosecalderon\/wp-json\/wp\/v2\/comments?post=7896"}],"version-history":[{"count":1,"href":"https:\/\/blogsaverroes.juntadeandalucia.es\/ceipjosecalderon\/wp-json\/wp\/v2\/posts\/7896\/revisions"}],"predecessor-version":[{"id":7898,"href":"https:\/\/blogsaverroes.juntadeandalucia.es\/ceipjosecalderon\/wp-json\/wp\/v2\/posts\/7896\/revisions\/7898"}],"wp:featuredmedia":[{"embeddable":true,"href":"https:\/\/blogsaverroes.juntadeandalucia.es\/ceipjosecalderon\/wp-json\/wp\/v2\/media\/7897"}],"wp:attachment":[{"href":"https:\/\/blogsaverroes.juntadeandalucia.es\/ceipjosecalderon\/wp-json\/wp\/v2\/media?parent=7896"}],"wp:term":[{"taxonomy":"category","embeddable":true,"href":"https:\/\/blogsaverroes.juntadeandalucia.es\/ceipjosecalderon\/wp-json\/wp\/v2\/categories?post=7896"},{"taxonomy":"post_tag","embeddable":true,"href":"https:\/\/blogsaverroes.juntadeandalucia.es\/ceipjosecalderon\/wp-json\/wp\/v2\/tags?post=7896"}],"curies":[{"name":"wp","href":"https:\/\/api.w.org\/{rel}","templated":true}]}}