{"id":7935,"date":"2026-02-23T11:26:57","date_gmt":"2026-02-23T10:26:57","guid":{"rendered":"https:\/\/blogsaverroes.juntadeandalucia.es\/ceipjosecalderon\/?p=7935"},"modified":"2026-02-23T11:26:57","modified_gmt":"2026-02-23T10:26:57","slug":"dia-de-andalucia","status":"publish","type":"post","link":"https:\/\/blogsaverroes.juntadeandalucia.es\/ceipjosecalderon\/dia-de-andalucia\/","title":{"rendered":"D\u00eda de Andaluc\u00eda"},"content":{"rendered":"<p style=\"font-weight: 400\"><strong>El viernes 20 de febrero celebramos el D\u00eda de Andaluc\u00eda en nuestro colegio. Comenzamos con nuestro tradicional Desayuno Andaluz, preparado por un grupo de madres, coordinado por nuestra AMPA Piedra de la Torre. Todos los a\u00f1os hemos contado con la empresa de Comedor Escolar que ha aportado gratuitamente el pan y los batidos. Este a\u00f1o la empresa de Comedor ARAMARK no ha querido colaborar. Nuestra AMPA ha aportado el pan y el desayuno especial de nuestro alumnado con alergias e intolerancias. El colegio ha aportado los batidos y la Consejer\u00eda de Desarrollo Educativo de la Junta de Andaluc\u00eda ha aportado el aceite de oliva virgen extra.<\/strong><\/p>\n<p style=\"font-weight: 400\"><strong>El acto central tuvo lugar a las 12 horas en la Pista Nueva. Comenz\u00f3 con el izado de las banderas de Europa, Espa\u00f1a, Andaluc\u00eda y M\u00e1laga, al mismo tiempo sonaba el himno de Andaluc\u00eda.<\/strong><\/p>\n<p style=\"font-weight: 400\"><strong>Hubo cinco actuaciones: Poes\u00eda sobre Andaluc\u00eda (Infantil de 5 a\u00f1os) y las maestras de Educaci\u00f3n Musical organizaron otras cuatro actuaciones con acompa\u00f1amiento musical de flauta y percusi\u00f3n.<\/strong><\/p>\n<p style=\"font-weight: 400\"><strong>Las actuaciones fueron: \u201cCanta la Tarara\u201d (3\u00ba); \u201cTangos\u201d, baile y agrupaci\u00f3n de flautas (4\u00ba); \u201cMirando al sur\u201d, Buler\u00edas, agrupaci\u00f3n de viento y percusi\u00f3n (5\u00ba); \u201cHimno de Andaluc\u00eda\u201d, agrupaci\u00f3n de viento y percusi\u00f3n (6\u00ba).<\/strong><\/p>\n<p style=\"font-weight: 400\"><strong>Durante la semana previa los distintos cursos han realizado trabajos sobre Andaluc\u00eda, donde han aprendido sobre su historia, sus s\u00edmbolos y sus tradiciones m\u00e1s importantes, todo referido a las ocho provincias.<\/strong><\/p>\n<table style=\"border-collapse: collapse;width: 100%\">\n<tbody>\n<tr>\n<td style=\"width: 50%\"><a href=\"https:\/\/www.flickr.com\/photos\/colegiojcalderon\/albums\/72177720332162143\/\" target=\"_blank\" rel=\"noopener\"><img loading=\"lazy\" decoding=\"async\" class=\"aligncenter\" src=\"https:\/\/blogger.googleusercontent.com\/img\/b\/R29vZ2xl\/AVvXsEhzfgwmXNgBRoF20GsUegEFMn1inDWUif45dpaHWccTLB9dCroG50TTw_Nw2g1G-orrbPWB6GGdTOlN5uJsq_YnMFKT3MMvwHgXghrT41J3UkMqKOU-FrO2UcWUksHZNUeWlSnR4SA6fI70Sy-ZsCsbSEIvzCFtvymIQXFsJ2KOqheexlG2SvzR0dk8tI0\/w527-h297\/D%C3%ADa%20de%20Andaluc%C3%ADa%2020-02-2026%20(1).jpg\" width=\"624\" height=\"352\"><\/a><\/td>\n<td style=\"width: 50%\"><a href=\"https:\/\/www.flickr.com\/photos\/colegiojcalderon\/albums\/72177720332143187\/\" target=\"_blank\" rel=\"noopener\"><img loading=\"lazy\" decoding=\"async\" class=\"aligncenter\" src=\"https:\/\/blogger.googleusercontent.com\/img\/b\/R29vZ2xl\/AVvXsEiWAspZO4CWk0aubGaI1U7t-jNIehu3ETOrz60I21o1EV4JYzrrbw9RM64-ulCyfSqAKg9-xb2SDGZ4cR_hGxpdfJ9KBmsMNJ4ZDCMqDCfigif5UCasmEQ1wdSKZkpil8gAk53h9510NuONZTCk2zz7rLFG5bNQ_L78TXBdQnBuxoVKu0WeaUNFmOb01BA\/w527-h501\/Andaluc%C3%ADa%20Infantil%2020-02-2026%20(3).jpg\" width=\"386\" height=\"366\"><\/a><\/td>\n<\/tr>\n<tr>\n<td style=\"width: 50%;text-align: center\"><b><a href=\"https:\/\/photos.app.goo.gl\/nxxrGQjJykDLPXW78\">Pulsa la imagen para ver las fotos<\/a><\/b><\/td>\n<td style=\"width: 50%;text-align: center\"><b><a href=\"https:\/\/photos.app.goo.gl\/af8W4LgvbaZGfJJ99\">Pulsa la imagen para ver las fotos de Infantil<\/a><\/b><\/td>\n<\/tr>\n<tr>\n<td style=\"width: 50%\"><a href=\"https:\/\/youtu.be\/KJoMy2p8m2g\" target=\"_blank\" rel=\"noopener\"><img decoding=\"async\" class=\"aligncenter\" src=\"https:\/\/blogger.googleusercontent.com\/img\/b\/R29vZ2xl\/AVvXsEiZA4vQ3OIss5CyflaeUc3N5juh2H0elAAZfIoCl9_PjuduzPpaS33n2eVcGb60khz2QKe8UyJu9lRtDwUxQ8Pj2iqKixUYNsDk7Nrj86wxPbDp1ewd-dF3djmW_Y70UqD4ZkG3uVT0TM-6Qw9vpJeCwU16SRStKaefKNLPEjRQShdFvZlpA_5_VwcaUAs\/w530-h399\/D%C3%ADa%20de%20Andaluc%C3%ADa%2020-02-2026%20(60).jpg\"><\/a><\/td>\n<td style=\"width: 50%\"><a href=\"https:\/\/youtu.be\/FhKe3T5OfDY\" target=\"_blank\" rel=\"noopener\"><img loading=\"lazy\" decoding=\"async\" class=\"aligncenter\" src=\"https:\/\/blogger.googleusercontent.com\/img\/b\/R29vZ2xl\/AVvXsEgsim_UgiXHkXa4wbi-y3k5lZ7rP86qXA-izkgIpn2p5hRSLXgtqqiY2GJlTlNOJEB6yCfdAbowGSykc09v0_a31XtDtu-SwuGFa8KYVVyVpFJX3SI6_oAYk1NJ_3qYOgc5NQZ6liuqb8sKPGXqZO-0e4m5IoON_SF-TxoqLEJc7Y7bvZXd51CxkDCqnyE\/w526-h295\/D%C3%ADa%20de%20Andaluc%C3%ADa%2020-02-2026%20(95).jpg\" width=\"698\" height=\"393\"><\/a><\/td>\n<\/tr>\n<tr>\n<td style=\"width: 50%;text-align: center\"><b>Pulsa la imagen para ver el v\u00eddeo D\u00eda de Andaluc\u00eda<\/b><\/td>\n<td style=\"width: 50%;text-align: center\"><b>Pulsa la imagen para ver el Montaje D\u00eda de Andaluc\u00eda<\/b><\/td>\n<\/tr>\n<\/tbody>\n<\/table>\n","protected":false},"excerpt":{"rendered":"<p>El viernes 20 de febrero celebramos el D\u00eda de Andaluc\u00eda en nuestro colegio. Comenzamos con nuestro tradicional Desayuno Andaluz, preparado por un grupo de madres, coordinado por nuestra AMPA Piedra de la Torre. Todos los a\u00f1os hemos contado con la empresa de Comedor Escolar que ha aportado gratuitamente el pan y los batidos. Este a\u00f1o [&hellip;]<\/p>\n","protected":false},"author":18127,"featured_media":7936,"comment_status":"closed","ping_status":"open","sticky":false,"template":"","format":"standard","meta":{"_et_pb_use_builder":"","_et_pb_old_content":"","_et_gb_content_width":"","ngg_post_thumbnail":0,"footnotes":""},"categories":[151,139,137,132,147,1,130,6],"tags":[],"aioseo_notices":[],"_links":{"self":[{"href":"https:\/\/blogsaverroes.juntadeandalucia.es\/ceipjosecalderon\/wp-json\/wp\/v2\/posts\/7935"}],"collection":[{"href":"https:\/\/blogsaverroes.juntadeandalucia.es\/ceipjosecalderon\/wp-json\/wp\/v2\/posts"}],"about":[{"href":"https:\/\/blogsaverroes.juntadeandalucia.es\/ceipjosecalderon\/wp-json\/wp\/v2\/types\/post"}],"author":[{"embeddable":true,"href":"https:\/\/blogsaverroes.juntadeandalucia.es\/ceipjosecalderon\/wp-json\/wp\/v2\/users\/18127"}],"replies":[{"embeddable":true,"href":"https:\/\/blogsaverroes.juntadeandalucia.es\/ceipjosecalderon\/wp-json\/wp\/v2\/comments?post=7935"}],"version-history":[{"count":1,"href":"https:\/\/blogsaverroes.juntadeandalucia.es\/ceipjosecalderon\/wp-json\/wp\/v2\/posts\/7935\/revisions"}],"predecessor-version":[{"id":7937,"href":"https:\/\/blogsaverroes.juntadeandalucia.es\/ceipjosecalderon\/wp-json\/wp\/v2\/posts\/7935\/revisions\/7937"}],"wp:featuredmedia":[{"embeddable":true,"href":"https:\/\/blogsaverroes.juntadeandalucia.es\/ceipjosecalderon\/wp-json\/wp\/v2\/media\/7936"}],"wp:attachment":[{"href":"https:\/\/blogsaverroes.juntadeandalucia.es\/ceipjosecalderon\/wp-json\/wp\/v2\/media?parent=7935"}],"wp:term":[{"taxonomy":"category","embeddable":true,"href":"https:\/\/blogsaverroes.juntadeandalucia.es\/ceipjosecalderon\/wp-json\/wp\/v2\/categories?post=7935"},{"taxonomy":"post_tag","embeddable":true,"href":"https:\/\/blogsaverroes.juntadeandalucia.es\/ceipjosecalderon\/wp-json\/wp\/v2\/tags?post=7935"}],"curies":[{"name":"wp","href":"https:\/\/api.w.org\/{rel}","templated":true}]}}