{"id":1798,"date":"2025-10-22T11:00:39","date_gmt":"2025-10-22T10:00:39","guid":{"rendered":"https:\/\/blogsaverroes.juntadeandalucia.es\/ceipjosefagavala\/?p=1798"},"modified":"2025-10-22T11:01:49","modified_gmt":"2025-10-22T10:01:49","slug":"huerto-escolar","status":"publish","type":"post","link":"https:\/\/blogsaverroes.juntadeandalucia.es\/ceipjosefagavala\/huerto-escolar\/","title":{"rendered":"Huerto escolar"},"content":{"rendered":"<p>Esta semana hemos vuelto a poner en marcha nuestro huerto escolar en colaboraci\u00f3n con las familias. El alumnado de Educaci\u00f3n Infantil ha realizado las primeras plantaciones. Observaremos expectantes su crecimiento d\u00eda a dia.&nbsp;<\/p>\n<p>&nbsp;<\/p>\n<p><img loading=\"lazy\" decoding=\"async\" class=\"alignnone size-medium wp-image-1800\" src=\"https:\/\/blogsaverroes.juntadeandalucia.es\/ceipjosefagavala\/files\/2025\/10\/IMG_0718-300x240.jpg\" alt=\"\" width=\"300\" height=\"240\"> <img loading=\"lazy\" decoding=\"async\" class=\"alignnone size-medium wp-image-1801\" src=\"https:\/\/blogsaverroes.juntadeandalucia.es\/ceipjosefagavala\/files\/2025\/10\/18e774f4-7bf7-4538-98df-bdfe786ced1e-225x300.jpg\" alt=\"\" width=\"225\" height=\"300\"> <img loading=\"lazy\" decoding=\"async\" class=\"alignnone size-medium wp-image-1802\" src=\"https:\/\/blogsaverroes.juntadeandalucia.es\/ceipjosefagavala\/files\/2025\/10\/3b0fe44f-5322-4261-85d3-9fc1d63c83de-225x300.jpg\" alt=\"\" width=\"225\" height=\"300\"> <img loading=\"lazy\" decoding=\"async\" class=\"alignnone size-medium wp-image-1803\" src=\"https:\/\/blogsaverroes.juntadeandalucia.es\/ceipjosefagavala\/files\/2025\/10\/8c9ac0a3-44c8-4118-95a7-8430ed7d1235-225x300.jpg\" alt=\"\" width=\"225\" height=\"300\"> <img loading=\"lazy\" decoding=\"async\" class=\"alignnone size-medium wp-image-1804\" src=\"https:\/\/blogsaverroes.juntadeandalucia.es\/ceipjosefagavala\/files\/2025\/10\/e0429030-9e23-4c33-9063-fed7cece99d3-225x300.jpg\" alt=\"\" width=\"225\" height=\"300\"> <img loading=\"lazy\" decoding=\"async\" class=\"alignnone size-medium wp-image-1805\" src=\"https:\/\/blogsaverroes.juntadeandalucia.es\/ceipjosefagavala\/files\/2025\/10\/f994c2ff-65a4-4e22-929c-5688e82e0ed7-225x300.jpg\" alt=\"\" width=\"225\" height=\"300\"> <img loading=\"lazy\" decoding=\"async\" class=\"alignnone size-medium wp-image-1806\" src=\"https:\/\/blogsaverroes.juntadeandalucia.es\/ceipjosefagavala\/files\/2025\/10\/b9ae39e4-8729-48d2-9347-b235cd2d7fee-225x300.jpg\" alt=\"\" width=\"225\" height=\"300\"> <img loading=\"lazy\" decoding=\"async\" class=\"alignnone size-medium wp-image-1807\" src=\"https:\/\/blogsaverroes.juntadeandalucia.es\/ceipjosefagavala\/files\/2025\/10\/2430f0ff-aa14-4351-8522-5488f74c3aba-225x300.jpg\" alt=\"\" width=\"225\" height=\"300\"> <img loading=\"lazy\" decoding=\"async\" class=\"alignnone size-medium wp-image-1808\" src=\"https:\/\/blogsaverroes.juntadeandalucia.es\/ceipjosefagavala\/files\/2025\/10\/3002656a-60cf-4792-9fc9-71ae95b40efc-225x300.jpg\" alt=\"\" width=\"225\" height=\"300\"><img loading=\"lazy\" decoding=\"async\" class=\"alignnone size-medium wp-image-1808\" src=\"https:\/\/blogsaverroes.juntadeandalucia.es\/ceipjosefagavala\/files\/2025\/10\/3002656a-60cf-4792-9fc9-71ae95b40efc-225x300.jpg\" alt=\"\" width=\"225\" height=\"300\"> <img loading=\"lazy\" decoding=\"async\" class=\"alignnone size-medium wp-image-1807\" src=\"https:\/\/blogsaverroes.juntadeandalucia.es\/ceipjosefagavala\/files\/2025\/10\/2430f0ff-aa14-4351-8522-5488f74c3aba-225x300.jpg\" alt=\"\" width=\"225\" height=\"300\"> <img loading=\"lazy\" decoding=\"async\" class=\"alignnone size-medium wp-image-1806\" src=\"https:\/\/blogsaverroes.juntadeandalucia.es\/ceipjosefagavala\/files\/2025\/10\/b9ae39e4-8729-48d2-9347-b235cd2d7fee-225x300.jpg\" alt=\"\" width=\"225\" height=\"300\"> <img loading=\"lazy\" decoding=\"async\" class=\"alignnone size-medium wp-image-1805\" src=\"https:\/\/blogsaverroes.juntadeandalucia.es\/ceipjosefagavala\/files\/2025\/10\/f994c2ff-65a4-4e22-929c-5688e82e0ed7-225x300.jpg\" alt=\"\" width=\"225\" height=\"300\"> <img loading=\"lazy\" decoding=\"async\" class=\"alignnone size-medium wp-image-1804\" src=\"https:\/\/blogsaverroes.juntadeandalucia.es\/ceipjosefagavala\/files\/2025\/10\/e0429030-9e23-4c33-9063-fed7cece99d3-225x300.jpg\" alt=\"\" width=\"225\" height=\"300\"> <img loading=\"lazy\" decoding=\"async\" class=\"alignnone size-medium wp-image-1803\" src=\"https:\/\/blogsaverroes.juntadeandalucia.es\/ceipjosefagavala\/files\/2025\/10\/8c9ac0a3-44c8-4118-95a7-8430ed7d1235-225x300.jpg\" alt=\"\" width=\"225\" height=\"300\"> <img loading=\"lazy\" decoding=\"async\" class=\"alignnone size-medium wp-image-1802\" src=\"https:\/\/blogsaverroes.juntadeandalucia.es\/ceipjosefagavala\/files\/2025\/10\/3b0fe44f-5322-4261-85d3-9fc1d63c83de-225x300.jpg\" alt=\"\" width=\"225\" height=\"300\"> <img loading=\"lazy\" decoding=\"async\" class=\"alignnone size-medium wp-image-1801\" src=\"https:\/\/blogsaverroes.juntadeandalucia.es\/ceipjosefagavala\/files\/2025\/10\/18e774f4-7bf7-4538-98df-bdfe786ced1e-225x300.jpg\" alt=\"\" width=\"225\" height=\"300\"> <img loading=\"lazy\" decoding=\"async\" class=\"alignnone size-medium wp-image-1800\" src=\"https:\/\/blogsaverroes.juntadeandalucia.es\/ceipjosefagavala\/files\/2025\/10\/IMG_0718-300x240.jpg\" alt=\"\" width=\"300\" height=\"240\"><\/p>\n","protected":false},"excerpt":{"rendered":"<p>Esta semana hemos vuelto a poner en marcha nuestro huerto escolar en colaboraci\u00f3n con las familias. El alumnado de Educaci\u00f3n Infantil ha realizado las primeras plantaciones. Observaremos expectantes su crecimiento d\u00eda a dia.&nbsp; &nbsp;<\/p>\n","protected":false},"author":12092,"featured_media":0,"comment_status":"closed","ping_status":"open","sticky":false,"template":"","format":"standard","meta":{"_et_pb_use_builder":"","_et_pb_old_content":"","_et_gb_content_width":"","ngg_post_thumbnail":0,"footnotes":""},"categories":[12,13,14,1,3,4],"tags":[],"aioseo_notices":[],"_links":{"self":[{"href":"https:\/\/blogsaverroes.juntadeandalucia.es\/ceipjosefagavala\/wp-json\/wp\/v2\/posts\/1798"}],"collection":[{"href":"https:\/\/blogsaverroes.juntadeandalucia.es\/ceipjosefagavala\/wp-json\/wp\/v2\/posts"}],"about":[{"href":"https:\/\/blogsaverroes.juntadeandalucia.es\/ceipjosefagavala\/wp-json\/wp\/v2\/types\/post"}],"author":[{"embeddable":true,"href":"https:\/\/blogsaverroes.juntadeandalucia.es\/ceipjosefagavala\/wp-json\/wp\/v2\/users\/12092"}],"replies":[{"embeddable":true,"href":"https:\/\/blogsaverroes.juntadeandalucia.es\/ceipjosefagavala\/wp-json\/wp\/v2\/comments?post=1798"}],"version-history":[{"count":1,"href":"https:\/\/blogsaverroes.juntadeandalucia.es\/ceipjosefagavala\/wp-json\/wp\/v2\/posts\/1798\/revisions"}],"predecessor-version":[{"id":1809,"href":"https:\/\/blogsaverroes.juntadeandalucia.es\/ceipjosefagavala\/wp-json\/wp\/v2\/posts\/1798\/revisions\/1809"}],"wp:attachment":[{"href":"https:\/\/blogsaverroes.juntadeandalucia.es\/ceipjosefagavala\/wp-json\/wp\/v2\/media?parent=1798"}],"wp:term":[{"taxonomy":"category","embeddable":true,"href":"https:\/\/blogsaverroes.juntadeandalucia.es\/ceipjosefagavala\/wp-json\/wp\/v2\/categories?post=1798"},{"taxonomy":"post_tag","embeddable":true,"href":"https:\/\/blogsaverroes.juntadeandalucia.es\/ceipjosefagavala\/wp-json\/wp\/v2\/tags?post=1798"}],"curies":[{"name":"wp","href":"https:\/\/api.w.org\/{rel}","templated":true}]}}