{"id":11585,"date":"2019-04-14T16:54:51","date_gmt":"2019-04-14T16:54:51","guid":{"rendered":"https:\/\/blogsaverroes.juntadeandalucia.es\/ceipjosefinaaldecoa\/?p=11585"},"modified":"2019-05-01T17:52:25","modified_gmt":"2019-05-01T17:52:25","slug":"exposicion-de-minitronos-de-semana-santa","status":"publish","type":"post","link":"https:\/\/blogsaverroes.juntadeandalucia.es\/ceipjosefinaaldecoa\/2019\/04\/14\/exposicion-de-minitronos-de-semana-santa\/","title":{"rendered":"Exposici\u00f3n de minitronos de Semana Santa"},"content":{"rendered":"<div style=\"text-align: justify\"><span style=\"font-size: 14pt;color: #000000\">En nuestro colegio, un curso m\u00e1s, se ha realizado una exposici\u00f3n de&nbsp;tronos en miniatura con motivo de la celebraci\u00f3n de la Semana Santa.&nbsp;Cada dos a\u00f1os, alumnado del centro junto con sus familias, realizan estos minitronos de Semana Santa, animados por MaestroPedro, docente de Religi\u00f3n de nuestro centro. En esta ocasi\u00f3n el alumnado de forma voluntaria han realizado los trabajos. El alumnado de 3\u00ba de Ed. Primaria han realizado algunos nazarenos y el alumnado de 4\u00ba y 5\u00ba de Ed. Primaria los minitronos de la exposici\u00f3n.<\/span><\/div>\n<div><span style=\"font-size: 14pt;color: #000000\">&nbsp;<\/span><\/div>\n<div style=\"text-align: justify\"><span style=\"font-size: 14pt;color: #000000\">Desde el pasado d\u00eda 9 hasta el 26 de abril (d\u00edas posteriores a la Semana Santa), la exposici\u00f3n, ubicada en una parte del sal\u00f3n multiusos permanecer\u00e1 abierta durante la entrada y a la salida de la jornada escolar (a las 9:10 y a las 14:05 horas) para que sea visitada por las familias. El alumnado la visitar\u00e1 durante la jornada escolar, as\u00ed como en el recreo, como recurso did\u00e1ctico del \u00e1rea de Religi\u00f3n Cat\u00f3lica, con las oportunas explicaciones del MaestroPedro y alumnado del tercer ciclo.&nbsp;<\/span><\/div>\n<div>\n<p class=\"parrafo\" style=\"text-align: justify\"><span style=\"font-size: 14pt;color: #000000\">La Semana Santa, conmemoraci\u00f3n de la Pasi\u00f3n, muerte y resurrecci\u00f3n de Jesucristo, comprende en Espa\u00f1a, Andaluc\u00eda y concretamente en M\u00e1laga toda una serie de celebraciones, entre las que destacan las procesiones, con una gran diversidad de manifestaciones por todo el territorio espa\u00f1ol. <strong>Est\u00e1 considerada por el Ministerio de Educaci\u00f3n como Manifestaci\u00f3n Representativa del Patrimonio Cultural Inmaterial.<\/strong><\/span><\/p>\n<p class=\"parrafo\" style=\"text-align: justify\"><span style=\"font-size: 14pt;color: #000000\">La Semana Santa en Espa\u00f1a comprende una gran diversidad de valores culturales, desde su funci\u00f3n como forma de expresi\u00f3n de la religiosidad popular a su papel como marcador identitario, pasando por su importancia como veh\u00edculo de conocimientos tradicionales y su relaci\u00f3n con oficios artesanos, as\u00ed como con las m\u00faltiples obras muebles e inmuebles de valor art\u00edstico.<\/span><\/p>\n<p class=\"parrafo\" style=\"text-align: justify\"><span style=\"font-size: 14pt;color: #000000\">Desde \u00e9poca medieval, las celebraciones de Semana Santa han funcionado como formas de expresi\u00f3n de la religiosidad popular y como referentes identitarios, no s\u00f3lo para el mundo cat\u00f3lico, sino tambi\u00e9n para gran parte del conjunto de la poblaci\u00f3n y para las comunidades implicadas, que han convertido a la Semana Santa en un fen\u00f3meno plural en el que participan todos los g\u00e9neros y capas sociales, en muchos casos al margen de la pr\u00e1ctica religiosa.<\/span><\/p>\n<p class=\"parrafo\"><span style=\"font-size: 14pt;color: #000000\">La Semana Santa, como fen\u00f3meno plural, tiene una gran proyecci\u00f3n internacional, en especial para Latinoam\u00e9rica, no s\u00f3lo como referente religioso, sino tambi\u00e9n como referencia social e identitaria.<\/span><\/p>\n<p style=\"text-align: justify\"><span style=\"font-size: 14pt;color: #000000\"><strong>Es por todo ello, que desde el \u00e1rea de Religi\u00f3n Cat\u00f3lica se contribuye con esta actividad, no s\u00f3lo a una relaci\u00f3n con los contenidos y objetivos did\u00e1cticos del curr\u00edculo del \u00e1rea relacionados directamente con con una identidad o confesi\u00f3n religiosa, sino que tambi\u00e9n se contribuye al arraigo de nuestras manifestaciones culturales en la sociedad actual.<\/strong><\/span><\/p>\n<\/div>\n<div><span style=\"font-size: 14pt;color: #000000\">Destacar la originalidad de los materiales empleados, la creatividad y sobre todo el entusiasmo mostrado.<\/span><\/div>\n<div><span style=\"font-size: 14pt;color: #000000\">&nbsp;<\/span><\/div>\n<div style=\"text-align: center\"><span style=\"font-size: 14pt;color: #000000\"><strong>\u00a1Enhorabuena por vuestras peque\u00f1as obras de arte!<\/strong><\/span><\/div>\n<div>\nngg_shortcode_0_placeholder\n<\/div>\n<div>&nbsp;<\/div>\n","protected":false},"excerpt":{"rendered":"<p>En nuestro colegio, un curso m\u00e1s, se ha realizado una exposici\u00f3n de&nbsp;tronos en miniatura con motivo de la celebraci\u00f3n de la Semana Santa.&nbsp;Cada dos a\u00f1os, alumnado del centro junto con sus familias, realizan estos minitronos de Semana Santa, animados por MaestroPedro, docente&#46;&#46;&#46;<\/p>\n","protected":false},"author":2825,"featured_media":11648,"comment_status":"open","ping_status":"open","sticky":false,"template":"","format":"standard","meta":{"ngg_post_thumbnail":0,"footnotes":""},"categories":[5991,25490,25496,101],"tags":[1805336,1627352,3890],"aioseo_notices":[],"_links":{"self":[{"href":"https:\/\/blogsaverroes.juntadeandalucia.es\/ceipjosefinaaldecoa\/wp-json\/wp\/v2\/posts\/11585"}],"collection":[{"href":"https:\/\/blogsaverroes.juntadeandalucia.es\/ceipjosefinaaldecoa\/wp-json\/wp\/v2\/posts"}],"about":[{"href":"https:\/\/blogsaverroes.juntadeandalucia.es\/ceipjosefinaaldecoa\/wp-json\/wp\/v2\/types\/post"}],"author":[{"embeddable":true,"href":"https:\/\/blogsaverroes.juntadeandalucia.es\/ceipjosefinaaldecoa\/wp-json\/wp\/v2\/users\/2825"}],"replies":[{"embeddable":true,"href":"https:\/\/blogsaverroes.juntadeandalucia.es\/ceipjosefinaaldecoa\/wp-json\/wp\/v2\/comments?post=11585"}],"version-history":[{"count":5,"href":"https:\/\/blogsaverroes.juntadeandalucia.es\/ceipjosefinaaldecoa\/wp-json\/wp\/v2\/posts\/11585\/revisions"}],"predecessor-version":[{"id":11649,"href":"https:\/\/blogsaverroes.juntadeandalucia.es\/ceipjosefinaaldecoa\/wp-json\/wp\/v2\/posts\/11585\/revisions\/11649"}],"wp:featuredmedia":[{"embeddable":true,"href":"https:\/\/blogsaverroes.juntadeandalucia.es\/ceipjosefinaaldecoa\/wp-json\/wp\/v2\/media\/11648"}],"wp:attachment":[{"href":"https:\/\/blogsaverroes.juntadeandalucia.es\/ceipjosefinaaldecoa\/wp-json\/wp\/v2\/media?parent=11585"}],"wp:term":[{"taxonomy":"category","embeddable":true,"href":"https:\/\/blogsaverroes.juntadeandalucia.es\/ceipjosefinaaldecoa\/wp-json\/wp\/v2\/categories?post=11585"},{"taxonomy":"post_tag","embeddable":true,"href":"https:\/\/blogsaverroes.juntadeandalucia.es\/ceipjosefinaaldecoa\/wp-json\/wp\/v2\/tags?post=11585"}],"curies":[{"name":"wp","href":"https:\/\/api.w.org\/{rel}","templated":true}]}}