{"id":13330,"date":"2020-03-10T18:43:44","date_gmt":"2020-03-10T18:43:44","guid":{"rendered":"https:\/\/blogsaverroes.juntadeandalucia.es\/ceipjosefinaaldecoa\/?p=13330"},"modified":"2020-03-11T03:14:17","modified_gmt":"2020-03-11T03:14:17","slug":"propuestas-para-trabajar-la-prevencion-el-coronavirus-con-el-alumnado-habitos-de-vida-saludable","status":"publish","type":"post","link":"https:\/\/blogsaverroes.juntadeandalucia.es\/ceipjosefinaaldecoa\/2020\/03\/10\/propuestas-para-trabajar-la-prevencion-el-coronavirus-con-el-alumnado-habitos-de-vida-saludable\/","title":{"rendered":"Propuestas para trabajar la prevenci\u00f3n el Coronavirus con el alumnado ( H\u00e1bitos de vida saludable)"},"content":{"rendered":"<p><span style=\"color: #000000\">Algunas propuestas para trabajar la prevenci\u00f3n sobre contagio del CoronaVirus con el alumnado<\/span><\/p>\n<h1 class=\"entry-title\" style=\"text-align: left\"><span style=\"font-size: 16pt;color: #000000\">La canci\u00f3n para explicarle a los ni\u00f1os c\u00f3mo prevenir el coronavirus<\/span><\/h1>\n<p style=\"text-align: justify\"><span style=\"color: #000000\">Desde hace algunas semanas comenzaron a resonar palabras como \u00abvirus\u00bb, \u00abepidemia\u00bb, \u00abcontagio\u00bb, \u00abmuertes\u00bb y obviamente \u00abcoronavirus\u00bb. Y lo que empez\u00f3 como una enfermedad que afectaba a la poblaci\u00f3n china, termin\u00f3&nbsp;llenando los noticieros con nuevos contagios por todo el mundo. \u00bfC\u00f3mo explicarle a los ni\u00f1os la crisis sanitaria que est\u00e1 provocando&nbsp;el coronavirus&nbsp;cuando ni siquiera los adultos tienen todas las respuestas sobre el tema?<\/span><\/p>\n<p style=\"text-align: justify\"><span style=\"color: #000000\">Los pediatras insisten en que el coronavirus \u00abes como una gripe, como los virus esos de los que siempre les habla el pediatra\u00bb y centrarse en los&nbsp;consejos que entienden y pueden poner en pr\u00e1ctica: \u00abComo que se laven bien las manos, que usen pa\u00f1uelos de papel y que se tapen con el codo cuando tosan\u00bb.&nbsp;<\/span><\/p>\n<p style=\"text-align: justify\"><span style=\"color: #000000\">Y para dejar en claro este mensaje de una manera did\u00e1ctica, la Asociaci\u00f3n Espa\u00f1ola de Pediatr\u00eda de Atenci\u00f3n Primaria cre\u00f3 en el marco del 13\u00ba Curso de Actualizaci\u00f3n en Pediatr\u00eda el \u00abRap de la tos y el codo\u00bb, una canci\u00f3n creada junto a un grupo de alumnos para incentivar, servir de ejemplo y ense\u00f1ar a los ni\u00f1os a ser agentes de su propia salud.<\/span><\/p>\n<div>\n<div id=\"youtube-45\" class=\"ck-youtube\"><iframe loading=\"lazy\" src=\"https:\/\/www.youtube.com\/embed\/beumXOe2O-U\" width=\"772\" height=\"434\" frameborder=\"0\"><\/iframe><\/div>\n<\/div>\n<p>\u201cCuando estornudo, cuando toso, con el codo, con el codo\u201d es el estribillo de este&nbsp;rap con el que los pediatras pretenden servir de ejemplo a todos aquellos que tengan contacto y capacidad de educar y ense\u00f1ar a los m\u00e1s peque\u00f1os de una manera divertida y original la importancia de aprender a toser a su codo, as\u00ed como de lavarse las manos para disminuir la transmisi\u00f3n de enfermedades contagiosas.<\/p>\n<div id=\"x_ydp88ba90b8yahoo_quoted_4432253891\" class=\"x_ydp88ba90b8yahoo_quoted\">\n<div id=\"x_ydp88ba90b8yiv1976076954\">\n<div class=\"x_ydp88ba90b8yiv1976076954yahoo-style-wrap\">\n<div id=\"x_ydp88ba90b8yiv1976076954ydpc72eb6e1enhancr_card_4181882274\" class=\"x_ydp88ba90b8yiv1976076954ydpc72eb6e1yahoo-link-enhancr-card x_ydp88ba90b8yiv1976076954ydpc72eb6e1ymail-preserve-class x_ydp88ba90b8yiv1976076954ydpc72eb6e1ymail-preserve-style\"><span style=\"font-size: 18pt;color: #000000\">Para los m\u00e1s peque\u00f1os&#8230;( Infantil)<\/span><\/div>\n<div><a class=\"x_ydp88ba90b8yiv1976076954enhancr_card_4330737800\" href=\"https:\/\/www.youtube.com\/watch?v=Ei0TJQj79MQ\" target=\"_blank\" rel=\"noopener noreferrer\" data-auth=\"NotApplicable\">Las Manos a Lavar &#8211; Gallina Pintadita 3 &#8211; Oficial &#8211; Canciones infantiles para ni\u00f1os y beb\u00e9s<\/a><\/div>\n<p><iframe loading=\"lazy\" src=\"https:\/\/www.youtube.com\/embed\/Ei0TJQj79MQ\" width=\"560\" height=\"315\" frameborder=\"0\"><\/iframe><\/p>\n<\/div>\n<\/div>\n<div>&nbsp;<\/div>\n<div id=\"x_ydp88ba90b8yiv1976076954\">\n<div class=\"x_ydp88ba90b8yiv1976076954yahoo-style-wrap\">\n<div dir=\"ltr\"><a class=\"x_ydp88ba90b8yiv1976076954enhancr_card_4362456669\" href=\"https:\/\/www.telecinco.es\/informativos\/salud\/baile-lavarse-manos-coronavirus_18_2910345015.html\" target=\"_blank\" rel=\"noopener noreferrer\" data-auth=\"NotApplicable\"><span style=\"font-size: 16pt\">Dos vietnamitas ense\u00f1an al mundo con un baile c\u00f3mo lavarse las manos para prevenir el coronavirus<\/span><\/a><\/div>\n<\/div>\n<\/div>\n<\/div>\n<div>\n<div class=\"article__paragraph-lSRh embeddedBodyItem__container_list-Etoy\">\n<p class=\"color_eta\"><span style=\"color: #000000\">El&nbsp;<strong>coronavirus<\/strong>&nbsp;ya tiene coreograf\u00eda y est\u00e1 arrasando en redes sociales. Los m\u00fasicos vietnamitas<strong>&nbsp;Khac Hung, Min and Erik<\/strong>&nbsp;han creado la canci\u00f3n \u2018Ghen Co Vy\u2019 con un pegadizo&nbsp;<strong>baile<\/strong>&nbsp;con el que se quiere ense\u00f1ar al mundo c\u00f3mo hay que&nbsp;<strong>lavarse las manos<\/strong> para prevenir el contagio por coronavirus.<\/span><\/p>\n<\/div>\n<div class=\"article__paragraph-lSRh embeddedBodyItem__container_list-Etoy\">\n<p class=\"color_eta\"><span style=\"color: #000000\">Se trata de una canci\u00f3n que forma parte de un reto que se ha puesto en marcha entre los m\u00e1s j\u00f3venes para bailar para ponerle algo de humor a la situaci\u00f3n.<\/span><\/p>\n<\/div>\n<\/div>\n<p style=\"text-align: center\"><a href=\"https:\/\/blogsaverroes.juntadeandalucia.es\/ceipjosefinaaldecoa\/2020\/03\/10\/propuestas-para-trabajar-la-prevencion-el-coronavirus-con-el-alumnado-habitos-de-vida-saludable\/coronavirus_060320-2-2\/\" rel=\"attachment wp-att-13332\"><img loading=\"lazy\" decoding=\"async\" class=\"aligncenter wp-image-13332\" src=\"https:\/\/blogsaverroes.juntadeandalucia.es\/ceipjosefinaaldecoa\/files\/2020\/03\/coronavirus_060320-2-1.jpg\" alt=\"\" width=\"723\" height=\"643\" srcset=\"https:\/\/blogsaverroes.juntadeandalucia.es\/ceipjosefinaaldecoa\/files\/2020\/03\/coronavirus_060320-2-1.jpg 1447w, https:\/\/blogsaverroes.juntadeandalucia.es\/ceipjosefinaaldecoa\/files\/2020\/03\/coronavirus_060320-2-1-300x267.jpg 300w, https:\/\/blogsaverroes.juntadeandalucia.es\/ceipjosefinaaldecoa\/files\/2020\/03\/coronavirus_060320-2-1-768x683.jpg 768w, https:\/\/blogsaverroes.juntadeandalucia.es\/ceipjosefinaaldecoa\/files\/2020\/03\/coronavirus_060320-2-1-1024x910.jpg 1024w, https:\/\/blogsaverroes.juntadeandalucia.es\/ceipjosefinaaldecoa\/files\/2020\/03\/coronavirus_060320-2-1-24x21.jpg 24w, https:\/\/blogsaverroes.juntadeandalucia.es\/ceipjosefinaaldecoa\/files\/2020\/03\/coronavirus_060320-2-1-36x32.jpg 36w, https:\/\/blogsaverroes.juntadeandalucia.es\/ceipjosefinaaldecoa\/files\/2020\/03\/coronavirus_060320-2-1-48x43.jpg 48w\" sizes=\"(max-width: 723px) 100vw, 723px\" \/><\/a><\/p>\n","protected":false},"excerpt":{"rendered":"<p>Algunas propuestas para trabajar la prevenci\u00f3n sobre contagio del CoronaVirus con el alumnado La canci\u00f3n para explicarle a los ni\u00f1os c\u00f3mo prevenir el coronavirus Desde hace algunas semanas comenzaron a resonar palabras como \u00abvirus\u00bb, \u00abepidemia\u00bb, \u00abcontagio\u00bb, \u00abmuertes\u00bb y obviamente \u00abcoronavirus\u00bb. Y lo&#46;&#46;&#46;<\/p>\n","protected":false},"author":2825,"featured_media":13332,"comment_status":"open","ping_status":"open","sticky":false,"template":"","format":"standard","meta":{"ngg_post_thumbnail":0,"footnotes":""},"categories":[5991,25286],"tags":[2120327,2120329],"aioseo_notices":[],"_links":{"self":[{"href":"https:\/\/blogsaverroes.juntadeandalucia.es\/ceipjosefinaaldecoa\/wp-json\/wp\/v2\/posts\/13330"}],"collection":[{"href":"https:\/\/blogsaverroes.juntadeandalucia.es\/ceipjosefinaaldecoa\/wp-json\/wp\/v2\/posts"}],"about":[{"href":"https:\/\/blogsaverroes.juntadeandalucia.es\/ceipjosefinaaldecoa\/wp-json\/wp\/v2\/types\/post"}],"author":[{"embeddable":true,"href":"https:\/\/blogsaverroes.juntadeandalucia.es\/ceipjosefinaaldecoa\/wp-json\/wp\/v2\/users\/2825"}],"replies":[{"embeddable":true,"href":"https:\/\/blogsaverroes.juntadeandalucia.es\/ceipjosefinaaldecoa\/wp-json\/wp\/v2\/comments?post=13330"}],"version-history":[{"count":4,"href":"https:\/\/blogsaverroes.juntadeandalucia.es\/ceipjosefinaaldecoa\/wp-json\/wp\/v2\/posts\/13330\/revisions"}],"predecessor-version":[{"id":13336,"href":"https:\/\/blogsaverroes.juntadeandalucia.es\/ceipjosefinaaldecoa\/wp-json\/wp\/v2\/posts\/13330\/revisions\/13336"}],"wp:featuredmedia":[{"embeddable":true,"href":"https:\/\/blogsaverroes.juntadeandalucia.es\/ceipjosefinaaldecoa\/wp-json\/wp\/v2\/media\/13332"}],"wp:attachment":[{"href":"https:\/\/blogsaverroes.juntadeandalucia.es\/ceipjosefinaaldecoa\/wp-json\/wp\/v2\/media?parent=13330"}],"wp:term":[{"taxonomy":"category","embeddable":true,"href":"https:\/\/blogsaverroes.juntadeandalucia.es\/ceipjosefinaaldecoa\/wp-json\/wp\/v2\/categories?post=13330"},{"taxonomy":"post_tag","embeddable":true,"href":"https:\/\/blogsaverroes.juntadeandalucia.es\/ceipjosefinaaldecoa\/wp-json\/wp\/v2\/tags?post=13330"}],"curies":[{"name":"wp","href":"https:\/\/api.w.org\/{rel}","templated":true}]}}