{"id":14787,"date":"2021-10-11T08:42:56","date_gmt":"2021-10-11T08:42:56","guid":{"rendered":"https:\/\/blogsaverroes.juntadeandalucia.es\/ceipjosefinaaldecoa\/?p=14787"},"modified":"2021-10-11T21:51:44","modified_gmt":"2021-10-11T21:51:44","slug":"consulta-de-bonificaciones-provisionales-de-servicios-complementarios-para-el-curso-2021-22","status":"publish","type":"post","link":"https:\/\/blogsaverroes.juntadeandalucia.es\/ceipjosefinaaldecoa\/2021\/10\/11\/consulta-de-bonificaciones-provisionales-de-servicios-complementarios-para-el-curso-2021-22\/","title":{"rendered":"Consulta de Bonificaciones provisionales de servicios complementarios para el curso 2021\/22"},"content":{"rendered":"<p><span style=\"font-size: 12pt\">ESTIMADAS FAMILIAS<\/span><\/p>\n<p><span style=\"font-size: 12pt\">Os recordamos que desde la semana pasada se encuentran PUBLICADAS en el tabl\u00f3n de anuncios del centro las <strong>bonificaciones provisionales de servicios complementarios<\/strong> ( Comedor, Aula matinal y actividades extraescolares)<\/span><\/p>\n<h3 class=\"panel-title\"><span style=\"font-size: 14pt\">ESTA INFORMACI\u00d3N, sobre las bonificaciones provisionales de servicios complementarios para el curso 2021\/22, <span style=\"text-decoration: underline\">se puede consultar tambi\u00e9n en la Secretar\u00eda Virtual de los centros educativos:<\/span>&nbsp;<\/span><\/h3>\n<p><strong><span style=\"font-size: 14pt\"><a href=\"https:\/\/www.juntadeandalucia.es\/educacion\/secretariavirtual\/accesoConsultas\/1181\/\" target=\"_blank\" rel=\"noopener noreferrer\">https:\/\/www.juntadeandalucia.es\/educacion\/secretariavirtual\/accesoConsultas\/1181\/<\/a><\/span><\/strong><\/p>\n<p><span style=\"font-size: 12pt\"><strong>En comunicados de iPasen encontrareis <\/strong>un mensaje incrustado con el <strong>c\u00f3digo iANDE<\/strong> de vuestro hijo\/a<\/span><\/p>\n<p><strong><span style=\"font-size: 14pt\">El periodo de alegaciones es de 10 d\u00edas h\u00e1biles desde su publicaci\u00f3n<\/span><\/strong><\/p>\n<p>&nbsp;<\/p>\n<p><span style=\"font-size: 12pt\"><strong>Cualquier duda o consulta pueden dirigirse al email: <span style=\"color: #0000ff\">29009417.secretaria.edu@juntadeandalucia.es<\/span><\/strong><\/span><\/p>\n","protected":false},"excerpt":{"rendered":"<p>ESTIMADAS FAMILIAS Os recordamos que desde la semana pasada se encuentran PUBLICADAS en el tabl\u00f3n de anuncios del centro las bonificaciones provisionales de servicios complementarios ( Comedor, Aula matinal y actividades extraescolares) ESTA INFORMACI\u00d3N, sobre las bonificaciones provisionales de servicios complementarios para&#46;&#46;&#46;<\/p>\n","protected":false},"author":2825,"featured_media":14788,"comment_status":"open","ping_status":"open","sticky":false,"template":"","format":"standard","meta":{"ngg_post_thumbnail":0,"footnotes":""},"categories":[5991,2120396,3202,25491,28,307390],"tags":[2120393,2120429,2120344],"aioseo_notices":[],"_links":{"self":[{"href":"https:\/\/blogsaverroes.juntadeandalucia.es\/ceipjosefinaaldecoa\/wp-json\/wp\/v2\/posts\/14787"}],"collection":[{"href":"https:\/\/blogsaverroes.juntadeandalucia.es\/ceipjosefinaaldecoa\/wp-json\/wp\/v2\/posts"}],"about":[{"href":"https:\/\/blogsaverroes.juntadeandalucia.es\/ceipjosefinaaldecoa\/wp-json\/wp\/v2\/types\/post"}],"author":[{"embeddable":true,"href":"https:\/\/blogsaverroes.juntadeandalucia.es\/ceipjosefinaaldecoa\/wp-json\/wp\/v2\/users\/2825"}],"replies":[{"embeddable":true,"href":"https:\/\/blogsaverroes.juntadeandalucia.es\/ceipjosefinaaldecoa\/wp-json\/wp\/v2\/comments?post=14787"}],"version-history":[{"count":4,"href":"https:\/\/blogsaverroes.juntadeandalucia.es\/ceipjosefinaaldecoa\/wp-json\/wp\/v2\/posts\/14787\/revisions"}],"predecessor-version":[{"id":14792,"href":"https:\/\/blogsaverroes.juntadeandalucia.es\/ceipjosefinaaldecoa\/wp-json\/wp\/v2\/posts\/14787\/revisions\/14792"}],"wp:featuredmedia":[{"embeddable":true,"href":"https:\/\/blogsaverroes.juntadeandalucia.es\/ceipjosefinaaldecoa\/wp-json\/wp\/v2\/media\/14788"}],"wp:attachment":[{"href":"https:\/\/blogsaverroes.juntadeandalucia.es\/ceipjosefinaaldecoa\/wp-json\/wp\/v2\/media?parent=14787"}],"wp:term":[{"taxonomy":"category","embeddable":true,"href":"https:\/\/blogsaverroes.juntadeandalucia.es\/ceipjosefinaaldecoa\/wp-json\/wp\/v2\/categories?post=14787"},{"taxonomy":"post_tag","embeddable":true,"href":"https:\/\/blogsaverroes.juntadeandalucia.es\/ceipjosefinaaldecoa\/wp-json\/wp\/v2\/tags?post=14787"}],"curies":[{"name":"wp","href":"https:\/\/api.w.org\/{rel}","templated":true}]}}