{"id":15585,"date":"2022-06-16T12:54:45","date_gmt":"2022-06-16T12:54:45","guid":{"rendered":"https:\/\/blogsaverroes.juntadeandalucia.es\/ceipjosefinaaldecoa\/?p=15585"},"modified":"2022-07-10T13:03:13","modified_gmt":"2022-07-10T13:03:13","slug":"bilinguismo-en-3o-de-primaria","status":"publish","type":"post","link":"https:\/\/blogsaverroes.juntadeandalucia.es\/ceipjosefinaaldecoa\/2022\/06\/16\/bilinguismo-en-3o-de-primaria\/","title":{"rendered":"Biling\u00fcismo en 3\u00ba de Primaria"},"content":{"rendered":"<p style=\"text-align: justify\"><span style=\"color: #000000\">El alumnado&nbsp; de 3\u00baA y 3\u00ba B de Primaria se ha mostrado muy motivado con la tarea de fin de Trimestre.<\/span><\/p>\n<p style=\"text-align: justify\"><span style=\"color: #000000\">Desde el \u00e1rea de Ingl\u00e9s, se ha elaborado&nbsp; y&nbsp; realizado una presentaci\u00f3n de forma individual&nbsp; de un Topic: Me.<\/span><\/p>\n<p style=\"text-align: justify\"><span style=\"color: #000000\">La realizaci\u00f3n de esta tarea ha conseguido reforzar sus habilidades de writing y speaking. A\u00f1adir que ha sido una tarea muy positiva para reforzar tambi\u00e9n la confianza en s\u00ed mismos trabajando en L2.<\/span><\/p>\n<p style=\"text-align: left\"><span style=\"color: #000000\">&#8230;Un paso m\u00e1s.<\/span><\/p>\n<p>Enzo 3\u00baA E.P<\/p>\n<div style=\"width: 848px;\" class=\"wp-video\"><!--[if lt IE 9]><script>document.createElement('video');<\/script><![endif]-->\n<video class=\"wp-video-shortcode\" id=\"video-15585-1\" width=\"848\" height=\"480\" preload=\"metadata\" controls=\"controls\"><source type=\"video\/mp4\" src=\"https:\/\/blogsaverroes.juntadeandalucia.es\/ceipjosefinaaldecoa\/files\/2022\/07\/Speaking-3A-Enzo.mp4?_=1\" \/><a href=\"https:\/\/blogsaverroes.juntadeandalucia.es\/ceipjosefinaaldecoa\/files\/2022\/07\/Speaking-3A-Enzo.mp4\">https:\/\/blogsaverroes.juntadeandalucia.es\/ceipjosefinaaldecoa\/files\/2022\/07\/Speaking-3A-Enzo.mp4<\/a><\/video><\/div>\n<p>&nbsp;<\/p>\n<p>Adri\u00e1n 3\u00baB E.P<\/p>\n<div style=\"width: 640px;\" class=\"wp-video\"><video class=\"wp-video-shortcode\" id=\"video-15585-2\" width=\"640\" height=\"352\" preload=\"metadata\" controls=\"controls\"><source type=\"video\/mp4\" src=\"https:\/\/blogsaverroes.juntadeandalucia.es\/ceipjosefinaaldecoa\/files\/2022\/07\/Speaking-3B-adrian.mp4?_=2\" \/><a href=\"https:\/\/blogsaverroes.juntadeandalucia.es\/ceipjosefinaaldecoa\/files\/2022\/07\/Speaking-3B-adrian.mp4\">https:\/\/blogsaverroes.juntadeandalucia.es\/ceipjosefinaaldecoa\/files\/2022\/07\/Speaking-3B-adrian.mp4<\/a><\/video><\/div>\n<p>&nbsp;<\/p>\nngg_shortcode_0_placeholder\n<p style=\"text-align: right\"><span style=\"color: #000000\"><strong>Las tutoras de 3\u00ba, Mar\u00eda Jos\u00e9 y Pilar.<\/strong><\/span><\/p>\n","protected":false},"excerpt":{"rendered":"<p>El alumnado&nbsp; de 3\u00baA y 3\u00ba B de Primaria se ha mostrado muy motivado con la tarea de fin de Trimestre. Desde el \u00e1rea de Ingl\u00e9s, se ha elaborado&nbsp; y&nbsp; realizado una presentaci\u00f3n de forma individual&nbsp; de un Topic: Me. La realizaci\u00f3n&#46;&#46;&#46;<\/p>\n","protected":false},"author":2825,"featured_media":15593,"comment_status":"open","ping_status":"open","sticky":false,"template":"","format":"standard","meta":{"ngg_post_thumbnail":0,"footnotes":""},"categories":[5991,140,25495],"tags":[1244245,825673],"aioseo_notices":[],"_links":{"self":[{"href":"https:\/\/blogsaverroes.juntadeandalucia.es\/ceipjosefinaaldecoa\/wp-json\/wp\/v2\/posts\/15585"}],"collection":[{"href":"https:\/\/blogsaverroes.juntadeandalucia.es\/ceipjosefinaaldecoa\/wp-json\/wp\/v2\/posts"}],"about":[{"href":"https:\/\/blogsaverroes.juntadeandalucia.es\/ceipjosefinaaldecoa\/wp-json\/wp\/v2\/types\/post"}],"author":[{"embeddable":true,"href":"https:\/\/blogsaverroes.juntadeandalucia.es\/ceipjosefinaaldecoa\/wp-json\/wp\/v2\/users\/2825"}],"replies":[{"embeddable":true,"href":"https:\/\/blogsaverroes.juntadeandalucia.es\/ceipjosefinaaldecoa\/wp-json\/wp\/v2\/comments?post=15585"}],"version-history":[{"count":1,"href":"https:\/\/blogsaverroes.juntadeandalucia.es\/ceipjosefinaaldecoa\/wp-json\/wp\/v2\/posts\/15585\/revisions"}],"predecessor-version":[{"id":15594,"href":"https:\/\/blogsaverroes.juntadeandalucia.es\/ceipjosefinaaldecoa\/wp-json\/wp\/v2\/posts\/15585\/revisions\/15594"}],"wp:featuredmedia":[{"embeddable":true,"href":"https:\/\/blogsaverroes.juntadeandalucia.es\/ceipjosefinaaldecoa\/wp-json\/wp\/v2\/media\/15593"}],"wp:attachment":[{"href":"https:\/\/blogsaverroes.juntadeandalucia.es\/ceipjosefinaaldecoa\/wp-json\/wp\/v2\/media?parent=15585"}],"wp:term":[{"taxonomy":"category","embeddable":true,"href":"https:\/\/blogsaverroes.juntadeandalucia.es\/ceipjosefinaaldecoa\/wp-json\/wp\/v2\/categories?post=15585"},{"taxonomy":"post_tag","embeddable":true,"href":"https:\/\/blogsaverroes.juntadeandalucia.es\/ceipjosefinaaldecoa\/wp-json\/wp\/v2\/tags?post=15585"}],"curies":[{"name":"wp","href":"https:\/\/api.w.org\/{rel}","templated":true}]}}