{"id":18443,"date":"2025-02-19T16:04:53","date_gmt":"2025-02-19T16:04:53","guid":{"rendered":"https:\/\/blogsaverroes.juntadeandalucia.es\/ceipjosefinaaldecoa\/?p=18443"},"modified":"2025-03-03T02:48:39","modified_gmt":"2025-03-03T02:48:39","slug":"excursion-a-sierra-nevada-3o-ciclo-de-ed-primaria","status":"publish","type":"post","link":"https:\/\/blogsaverroes.juntadeandalucia.es\/ceipjosefinaaldecoa\/2025\/02\/19\/excursion-a-sierra-nevada-3o-ciclo-de-ed-primaria\/","title":{"rendered":"Excursi\u00f3n a Sierra Nevada &#8211; 3\u00ba Ciclo de Ed. Primaria"},"content":{"rendered":"<p>&nbsp;<\/p>\n<p>&nbsp;<\/p>\n<p style=\"text-align: justify\"><span style=\"color: #000000\">El pasado lunes d\u00eda 17, el alumnado de tercer ciclo de Ed. Primaria pudo disfrutar de un estupendo d\u00eda de excursi\u00f3n en Sierra Nevada. Pudieron hacer patinaje sobre hielo; disfrutar de la nieve con roscos, trineos y bicisnow y hacer una ruta con raquetas de nieve.<\/span><br \/>\n<span style=\"color: #000000\">Adem\u00e1s fue un bonito d\u00eda de convivencia donde el sol acompa\u00f1\u00f3 en todo momento.<\/span><\/p>\n<p style=\"text-align: right\"><span style=\"color: #000000\">M\u00aa del Mar Rold\u00e1n<\/span><\/p>\n<p style=\"text-align: right\"><span style=\"color: #000000\">Tutora de 5\u00ba A Ed. Primaria<\/span><\/p>\nngg_shortcode_0_placeholder\n","protected":false},"excerpt":{"rendered":"<p>&nbsp; &nbsp; El pasado lunes d\u00eda 17, el alumnado de tercer ciclo de Ed. Primaria pudo disfrutar de un estupendo d\u00eda de excursi\u00f3n en Sierra Nevada. Pudieron hacer patinaje sobre hielo; disfrutar de la nieve con roscos, trineos y bicisnow y hacer&#46;&#46;&#46;<\/p>\n","protected":false},"author":2825,"featured_media":18447,"comment_status":"open","ping_status":"open","sticky":false,"template":"","format":"standard","meta":{"ngg_post_thumbnail":0,"footnotes":""},"categories":[5991,25496,671795,307390],"tags":[2120595,32,2120594],"aioseo_notices":[],"_links":{"self":[{"href":"https:\/\/blogsaverroes.juntadeandalucia.es\/ceipjosefinaaldecoa\/wp-json\/wp\/v2\/posts\/18443"}],"collection":[{"href":"https:\/\/blogsaverroes.juntadeandalucia.es\/ceipjosefinaaldecoa\/wp-json\/wp\/v2\/posts"}],"about":[{"href":"https:\/\/blogsaverroes.juntadeandalucia.es\/ceipjosefinaaldecoa\/wp-json\/wp\/v2\/types\/post"}],"author":[{"embeddable":true,"href":"https:\/\/blogsaverroes.juntadeandalucia.es\/ceipjosefinaaldecoa\/wp-json\/wp\/v2\/users\/2825"}],"replies":[{"embeddable":true,"href":"https:\/\/blogsaverroes.juntadeandalucia.es\/ceipjosefinaaldecoa\/wp-json\/wp\/v2\/comments?post=18443"}],"version-history":[{"count":1,"href":"https:\/\/blogsaverroes.juntadeandalucia.es\/ceipjosefinaaldecoa\/wp-json\/wp\/v2\/posts\/18443\/revisions"}],"predecessor-version":[{"id":18448,"href":"https:\/\/blogsaverroes.juntadeandalucia.es\/ceipjosefinaaldecoa\/wp-json\/wp\/v2\/posts\/18443\/revisions\/18448"}],"wp:featuredmedia":[{"embeddable":true,"href":"https:\/\/blogsaverroes.juntadeandalucia.es\/ceipjosefinaaldecoa\/wp-json\/wp\/v2\/media\/18447"}],"wp:attachment":[{"href":"https:\/\/blogsaverroes.juntadeandalucia.es\/ceipjosefinaaldecoa\/wp-json\/wp\/v2\/media?parent=18443"}],"wp:term":[{"taxonomy":"category","embeddable":true,"href":"https:\/\/blogsaverroes.juntadeandalucia.es\/ceipjosefinaaldecoa\/wp-json\/wp\/v2\/categories?post=18443"},{"taxonomy":"post_tag","embeddable":true,"href":"https:\/\/blogsaverroes.juntadeandalucia.es\/ceipjosefinaaldecoa\/wp-json\/wp\/v2\/tags?post=18443"}],"curies":[{"name":"wp","href":"https:\/\/api.w.org\/{rel}","templated":true}]}}