{"id":4808,"date":"2016-04-28T23:17:26","date_gmt":"2016-04-28T23:17:26","guid":{"rendered":"http:\/\/blogsaverroes.juntadeandalucia.es\/ceipjosefinaaldecoa\/?p=4808"},"modified":"2016-05-07T00:02:55","modified_gmt":"2016-05-07T00:02:55","slug":"dia-del-libro","status":"publish","type":"post","link":"https:\/\/blogsaverroes.juntadeandalucia.es\/ceipjosefinaaldecoa\/2016\/04\/28\/dia-del-libro\/","title":{"rendered":"D\u00eda del Libro"},"content":{"rendered":"<p><span style=\"font-size: 14pt;color: #000000\">Como en a\u00f1os anteriores en nuestro centro hemos organizado diversas actividades para la celebraci\u00f3n del d\u00eda del libro. Ademas de las realizadas a nivel de aula durante toda la semana del 18 al 22 de abril los familiares que se han ofrecido han contado cuentos a la hora del recreo en la Biblioteca y en la Sala de Usos M\u00faltiples.<\/span><\/p>\n<p><span style=\"font-size: 14pt;color: #000000\">As\u00ed mismo como viene siendo ya tradicional en nuestro cole el alumnado mayor cuenta cuentos al alumnado mas peque\u00f1o intercambiando marca-p\u00e1ginas de regalo<\/span><\/p>\n<p><span style=\"font-size: 14pt;color: #000000\">El viernes 22 de abril el AMPA colabor\u00f3 con un cuentacuentos nocturno : \u00abla buena suerte\u00bb.<\/span><\/p>\n<p><span style=\"font-size: 14pt;color: #000000\">\u00a0Este a\u00f1o como novedad a propuesta del AMPA se ha realizado tambi\u00e9n durante toda la semana un mercadillo de libros de segunda mano y con el dinero recaudado de las ventas se pagar\u00e1 parte del dinero de los autobuses para la salida de fin de curso a Ca\u00f1ete la Real.<\/span><br \/>\n<span style=\"font-size: 14pt;color: #000000\">\u00a0La colaboraci\u00f3n de las familias aportando libros para dicho evento ha sido agradablemente sorprendente por la cantidad de donaciones.<\/span><\/p>\n<p>\n<div class=\"ngg-galleryoverview ngg-template-caption\" id=\"ngg-gallery-e6c0fe862e87bb9f9209afa7819f797e-4808\">\n\n\t\t\n\t<!-- Thumbnails -->\n\t\t\t\t\n\t<div id=\"ngg-image-1058\" class=\"ngg-gallery-thumbnail-box\"  >\n\t\t<div class=\"ngg-gallery-thumbnail\" >\n\t\t\t<a href=\"https:\/\/blogsaverroes.juntadeandalucia.es\/ceipjosefinaaldecoa\/wp-content\/uploads\/sites\/1530\/nggallery\/dia-del-libro\/IMG-20160407-WA0003.jpg\"\n\t\t\t\ttitle=\" \"\n\t\t\t\tclass=\"ngg-fancybox\" rel=\"e6c0fe862e87bb9f9209afa7819f797e\" data-image-id=\"1058\" data-src=\"https:\/\/blogsaverroes.juntadeandalucia.es\/ceipjosefinaaldecoa\/wp-content\/uploads\/sites\/1530\/nggallery\/dia-del-libro\/IMG-20160407-WA0003.jpg\" data-thumbnail=\"https:\/\/blogsaverroes.juntadeandalucia.es\/ceipjosefinaaldecoa\/wp-content\/uploads\/sites\/1530\/nggallery\/dia-del-libro\/thumbs\/thumbs_IMG-20160407-WA0003.jpg\" data-title=\"IMG-20160407-WA0003\" data-description=\" \" >\n\t\t\t\t\t\t\t\t<img title=\"IMG-20160407-WA0003\" alt=\"IMG-20160407-WA0003\" src=\"https:\/\/blogsaverroes.juntadeandalucia.es\/ceipjosefinaaldecoa\/wp-content\/uploads\/sites\/1530\/nggallery\/dia-del-libro\/thumbs\/thumbs_IMG-20160407-WA0003.jpg\" width='120' height='90' \/>\n\t\t\t\t\t\t\t<\/a>\n\t\t\t<span>\n\t\t\t \t\t\t<\/span>\n\t\t<\/div>\n\t<\/div>\n\t\t\t\t\t\t\t\n\t<div id=\"ngg-image-1060\" class=\"ngg-gallery-thumbnail-box\"  >\n\t\t<div class=\"ngg-gallery-thumbnail\" >\n\t\t\t<a href=\"https:\/\/blogsaverroes.juntadeandalucia.es\/ceipjosefinaaldecoa\/wp-content\/uploads\/sites\/1530\/nggallery\/dia-del-libro\/IMG-20160421-WA0000.jpg\"\n\t\t\t\ttitle=\" \"\n\t\t\t\tclass=\"ngg-fancybox\" rel=\"e6c0fe862e87bb9f9209afa7819f797e\" data-image-id=\"1060\" data-src=\"https:\/\/blogsaverroes.juntadeandalucia.es\/ceipjosefinaaldecoa\/wp-content\/uploads\/sites\/1530\/nggallery\/dia-del-libro\/IMG-20160421-WA0000.jpg\" data-thumbnail=\"https:\/\/blogsaverroes.juntadeandalucia.es\/ceipjosefinaaldecoa\/wp-content\/uploads\/sites\/1530\/nggallery\/dia-del-libro\/thumbs\/thumbs_IMG-20160421-WA0000.jpg\" data-title=\"IMG-20160421-WA0000\" data-description=\" \" >\n\t\t\t\t\t\t\t\t<img title=\"IMG-20160421-WA0000\" alt=\"IMG-20160421-WA0000\" src=\"https:\/\/blogsaverroes.juntadeandalucia.es\/ceipjosefinaaldecoa\/wp-content\/uploads\/sites\/1530\/nggallery\/dia-del-libro\/thumbs\/thumbs_IMG-20160421-WA0000.jpg\" width='120' height='90' \/>\n\t\t\t\t\t\t\t<\/a>\n\t\t\t<span>\n\t\t\t \t\t\t<\/span>\n\t\t<\/div>\n\t<\/div>\n\t\t\t\t\t\t\t\n\t<div id=\"ngg-image-1070\" class=\"ngg-gallery-thumbnail-box\"  >\n\t\t<div class=\"ngg-gallery-thumbnail\" >\n\t\t\t<a href=\"https:\/\/blogsaverroes.juntadeandalucia.es\/ceipjosefinaaldecoa\/wp-content\/uploads\/sites\/1530\/nggallery\/dia-del-libro\/IMG-20160504-WA0027.jpg\"\n\t\t\t\ttitle=\" \"\n\t\t\t\tclass=\"ngg-fancybox\" rel=\"e6c0fe862e87bb9f9209afa7819f797e\" data-image-id=\"1070\" data-src=\"https:\/\/blogsaverroes.juntadeandalucia.es\/ceipjosefinaaldecoa\/wp-content\/uploads\/sites\/1530\/nggallery\/dia-del-libro\/IMG-20160504-WA0027.jpg\" data-thumbnail=\"https:\/\/blogsaverroes.juntadeandalucia.es\/ceipjosefinaaldecoa\/wp-content\/uploads\/sites\/1530\/nggallery\/dia-del-libro\/thumbs\/thumbs_IMG-20160504-WA0027.jpg\" data-title=\"IMG-20160504-WA0027\" data-description=\" \" >\n\t\t\t\t\t\t\t\t<img title=\"IMG-20160504-WA0027\" alt=\"IMG-20160504-WA0027\" src=\"https:\/\/blogsaverroes.juntadeandalucia.es\/ceipjosefinaaldecoa\/wp-content\/uploads\/sites\/1530\/nggallery\/dia-del-libro\/thumbs\/thumbs_IMG-20160504-WA0027.jpg\" width='120' height='90' \/>\n\t\t\t\t\t\t\t<\/a>\n\t\t\t<span>\n\t\t\t \t\t\t<\/span>\n\t\t<\/div>\n\t<\/div>\n\t\t\t\t\t\t\t\n\t<div id=\"ngg-image-1063\" class=\"ngg-gallery-thumbnail-box\"  >\n\t\t<div class=\"ngg-gallery-thumbnail\" >\n\t\t\t<a href=\"https:\/\/blogsaverroes.juntadeandalucia.es\/ceipjosefinaaldecoa\/wp-content\/uploads\/sites\/1530\/nggallery\/dia-del-libro\/IMG-20160504-WA0020.jpg\"\n\t\t\t\ttitle=\" \"\n\t\t\t\tclass=\"ngg-fancybox\" rel=\"e6c0fe862e87bb9f9209afa7819f797e\" data-image-id=\"1063\" data-src=\"https:\/\/blogsaverroes.juntadeandalucia.es\/ceipjosefinaaldecoa\/wp-content\/uploads\/sites\/1530\/nggallery\/dia-del-libro\/IMG-20160504-WA0020.jpg\" data-thumbnail=\"https:\/\/blogsaverroes.juntadeandalucia.es\/ceipjosefinaaldecoa\/wp-content\/uploads\/sites\/1530\/nggallery\/dia-del-libro\/thumbs\/thumbs_IMG-20160504-WA0020.jpg\" data-title=\"IMG-20160504-WA0020\" data-description=\" \" >\n\t\t\t\t\t\t\t\t<img title=\"IMG-20160504-WA0020\" alt=\"IMG-20160504-WA0020\" src=\"https:\/\/blogsaverroes.juntadeandalucia.es\/ceipjosefinaaldecoa\/wp-content\/uploads\/sites\/1530\/nggallery\/dia-del-libro\/thumbs\/thumbs_IMG-20160504-WA0020.jpg\" width='120' height='90' \/>\n\t\t\t\t\t\t\t<\/a>\n\t\t\t<span>\n\t\t\t \t\t\t<\/span>\n\t\t<\/div>\n\t<\/div>\n\t\t\t\t\t\t\t\n\t<div id=\"ngg-image-1064\" class=\"ngg-gallery-thumbnail-box\"  >\n\t\t<div class=\"ngg-gallery-thumbnail\" >\n\t\t\t<a href=\"https:\/\/blogsaverroes.juntadeandalucia.es\/ceipjosefinaaldecoa\/wp-content\/uploads\/sites\/1530\/nggallery\/dia-del-libro\/IMG-20160504-WA0021.jpg\"\n\t\t\t\ttitle=\" \"\n\t\t\t\tclass=\"ngg-fancybox\" rel=\"e6c0fe862e87bb9f9209afa7819f797e\" data-image-id=\"1064\" data-src=\"https:\/\/blogsaverroes.juntadeandalucia.es\/ceipjosefinaaldecoa\/wp-content\/uploads\/sites\/1530\/nggallery\/dia-del-libro\/IMG-20160504-WA0021.jpg\" data-thumbnail=\"https:\/\/blogsaverroes.juntadeandalucia.es\/ceipjosefinaaldecoa\/wp-content\/uploads\/sites\/1530\/nggallery\/dia-del-libro\/thumbs\/thumbs_IMG-20160504-WA0021.jpg\" data-title=\"IMG-20160504-WA0021\" data-description=\" \" >\n\t\t\t\t\t\t\t\t<img title=\"IMG-20160504-WA0021\" alt=\"IMG-20160504-WA0021\" src=\"https:\/\/blogsaverroes.juntadeandalucia.es\/ceipjosefinaaldecoa\/wp-content\/uploads\/sites\/1530\/nggallery\/dia-del-libro\/thumbs\/thumbs_IMG-20160504-WA0021.jpg\" width='120' height='90' \/>\n\t\t\t\t\t\t\t<\/a>\n\t\t\t<span>\n\t\t\t \t\t\t<\/span>\n\t\t<\/div>\n\t<\/div>\n\t\t\t\t\t\t\t\n\t<div id=\"ngg-image-1065\" class=\"ngg-gallery-thumbnail-box\"  >\n\t\t<div class=\"ngg-gallery-thumbnail\" >\n\t\t\t<a href=\"https:\/\/blogsaverroes.juntadeandalucia.es\/ceipjosefinaaldecoa\/wp-content\/uploads\/sites\/1530\/nggallery\/dia-del-libro\/IMG-20160504-WA0022.jpg\"\n\t\t\t\ttitle=\" \"\n\t\t\t\tclass=\"ngg-fancybox\" rel=\"e6c0fe862e87bb9f9209afa7819f797e\" data-image-id=\"1065\" data-src=\"https:\/\/blogsaverroes.juntadeandalucia.es\/ceipjosefinaaldecoa\/wp-content\/uploads\/sites\/1530\/nggallery\/dia-del-libro\/IMG-20160504-WA0022.jpg\" data-thumbnail=\"https:\/\/blogsaverroes.juntadeandalucia.es\/ceipjosefinaaldecoa\/wp-content\/uploads\/sites\/1530\/nggallery\/dia-del-libro\/thumbs\/thumbs_IMG-20160504-WA0022.jpg\" data-title=\"IMG-20160504-WA0022\" data-description=\" \" >\n\t\t\t\t\t\t\t\t<img title=\"IMG-20160504-WA0022\" alt=\"IMG-20160504-WA0022\" src=\"https:\/\/blogsaverroes.juntadeandalucia.es\/ceipjosefinaaldecoa\/wp-content\/uploads\/sites\/1530\/nggallery\/dia-del-libro\/thumbs\/thumbs_IMG-20160504-WA0022.jpg\" width='120' height='90' \/>\n\t\t\t\t\t\t\t<\/a>\n\t\t\t<span>\n\t\t\t \t\t\t<\/span>\n\t\t<\/div>\n\t<\/div>\n\t\t\t\t\t\t\t\n\t<div id=\"ngg-image-1066\" class=\"ngg-gallery-thumbnail-box\"  >\n\t\t<div class=\"ngg-gallery-thumbnail\" >\n\t\t\t<a href=\"https:\/\/blogsaverroes.juntadeandalucia.es\/ceipjosefinaaldecoa\/wp-content\/uploads\/sites\/1530\/nggallery\/dia-del-libro\/IMG-20160504-WA0023.jpg\"\n\t\t\t\ttitle=\" \"\n\t\t\t\tclass=\"ngg-fancybox\" rel=\"e6c0fe862e87bb9f9209afa7819f797e\" data-image-id=\"1066\" data-src=\"https:\/\/blogsaverroes.juntadeandalucia.es\/ceipjosefinaaldecoa\/wp-content\/uploads\/sites\/1530\/nggallery\/dia-del-libro\/IMG-20160504-WA0023.jpg\" data-thumbnail=\"https:\/\/blogsaverroes.juntadeandalucia.es\/ceipjosefinaaldecoa\/wp-content\/uploads\/sites\/1530\/nggallery\/dia-del-libro\/thumbs\/thumbs_IMG-20160504-WA0023.jpg\" data-title=\"IMG-20160504-WA0023\" data-description=\" \" >\n\t\t\t\t\t\t\t\t<img title=\"IMG-20160504-WA0023\" alt=\"IMG-20160504-WA0023\" src=\"https:\/\/blogsaverroes.juntadeandalucia.es\/ceipjosefinaaldecoa\/wp-content\/uploads\/sites\/1530\/nggallery\/dia-del-libro\/thumbs\/thumbs_IMG-20160504-WA0023.jpg\" width='120' height='90' \/>\n\t\t\t\t\t\t\t<\/a>\n\t\t\t<span>\n\t\t\t \t\t\t<\/span>\n\t\t<\/div>\n\t<\/div>\n\t\t\t\t\t\t\t\n\t<div id=\"ngg-image-1067\" class=\"ngg-gallery-thumbnail-box\"  >\n\t\t<div class=\"ngg-gallery-thumbnail\" >\n\t\t\t<a href=\"https:\/\/blogsaverroes.juntadeandalucia.es\/ceipjosefinaaldecoa\/wp-content\/uploads\/sites\/1530\/nggallery\/dia-del-libro\/IMG-20160504-WA0024.jpg\"\n\t\t\t\ttitle=\" \"\n\t\t\t\tclass=\"ngg-fancybox\" rel=\"e6c0fe862e87bb9f9209afa7819f797e\" data-image-id=\"1067\" data-src=\"https:\/\/blogsaverroes.juntadeandalucia.es\/ceipjosefinaaldecoa\/wp-content\/uploads\/sites\/1530\/nggallery\/dia-del-libro\/IMG-20160504-WA0024.jpg\" data-thumbnail=\"https:\/\/blogsaverroes.juntadeandalucia.es\/ceipjosefinaaldecoa\/wp-content\/uploads\/sites\/1530\/nggallery\/dia-del-libro\/thumbs\/thumbs_IMG-20160504-WA0024.jpg\" data-title=\"IMG-20160504-WA0024\" data-description=\" \" >\n\t\t\t\t\t\t\t\t<img title=\"IMG-20160504-WA0024\" alt=\"IMG-20160504-WA0024\" src=\"https:\/\/blogsaverroes.juntadeandalucia.es\/ceipjosefinaaldecoa\/wp-content\/uploads\/sites\/1530\/nggallery\/dia-del-libro\/thumbs\/thumbs_IMG-20160504-WA0024.jpg\" width='120' height='90' \/>\n\t\t\t\t\t\t\t<\/a>\n\t\t\t<span>\n\t\t\t \t\t\t<\/span>\n\t\t<\/div>\n\t<\/div>\n\t\t\t\t\t\t\t\n\t<div id=\"ngg-image-1069\" class=\"ngg-gallery-thumbnail-box\"  >\n\t\t<div class=\"ngg-gallery-thumbnail\" >\n\t\t\t<a href=\"https:\/\/blogsaverroes.juntadeandalucia.es\/ceipjosefinaaldecoa\/wp-content\/uploads\/sites\/1530\/nggallery\/dia-del-libro\/IMG-20160504-WA0026.jpg\"\n\t\t\t\ttitle=\" \"\n\t\t\t\tclass=\"ngg-fancybox\" rel=\"e6c0fe862e87bb9f9209afa7819f797e\" data-image-id=\"1069\" data-src=\"https:\/\/blogsaverroes.juntadeandalucia.es\/ceipjosefinaaldecoa\/wp-content\/uploads\/sites\/1530\/nggallery\/dia-del-libro\/IMG-20160504-WA0026.jpg\" data-thumbnail=\"https:\/\/blogsaverroes.juntadeandalucia.es\/ceipjosefinaaldecoa\/wp-content\/uploads\/sites\/1530\/nggallery\/dia-del-libro\/thumbs\/thumbs_IMG-20160504-WA0026.jpg\" data-title=\"IMG-20160504-WA0026\" data-description=\" \" >\n\t\t\t\t\t\t\t\t<img title=\"IMG-20160504-WA0026\" alt=\"IMG-20160504-WA0026\" src=\"https:\/\/blogsaverroes.juntadeandalucia.es\/ceipjosefinaaldecoa\/wp-content\/uploads\/sites\/1530\/nggallery\/dia-del-libro\/thumbs\/thumbs_IMG-20160504-WA0026.jpg\" width='120' height='90' \/>\n\t\t\t\t\t\t\t<\/a>\n\t\t\t<span>\n\t\t\t \t\t\t<\/span>\n\t\t<\/div>\n\t<\/div>\n\t\t\t\t\t\t\t\n\t<div id=\"ngg-image-1061\" class=\"ngg-gallery-thumbnail-box\"  >\n\t\t<div class=\"ngg-gallery-thumbnail\" >\n\t\t\t<a href=\"https:\/\/blogsaverroes.juntadeandalucia.es\/ceipjosefinaaldecoa\/wp-content\/uploads\/sites\/1530\/nggallery\/dia-del-libro\/IMG-20160504-WA0017.jpg\"\n\t\t\t\ttitle=\" \"\n\t\t\t\tclass=\"ngg-fancybox\" rel=\"e6c0fe862e87bb9f9209afa7819f797e\" data-image-id=\"1061\" data-src=\"https:\/\/blogsaverroes.juntadeandalucia.es\/ceipjosefinaaldecoa\/wp-content\/uploads\/sites\/1530\/nggallery\/dia-del-libro\/IMG-20160504-WA0017.jpg\" data-thumbnail=\"https:\/\/blogsaverroes.juntadeandalucia.es\/ceipjosefinaaldecoa\/wp-content\/uploads\/sites\/1530\/nggallery\/dia-del-libro\/thumbs\/thumbs_IMG-20160504-WA0017.jpg\" data-title=\"IMG-20160504-WA0017\" data-description=\" \" >\n\t\t\t\t\t\t\t\t<img title=\"IMG-20160504-WA0017\" alt=\"IMG-20160504-WA0017\" src=\"https:\/\/blogsaverroes.juntadeandalucia.es\/ceipjosefinaaldecoa\/wp-content\/uploads\/sites\/1530\/nggallery\/dia-del-libro\/thumbs\/thumbs_IMG-20160504-WA0017.jpg\" width='120' height='90' \/>\n\t\t\t\t\t\t\t<\/a>\n\t\t\t<span>\n\t\t\t \t\t\t<\/span>\n\t\t<\/div>\n\t<\/div>\n\t\t\t\t\t\t\t\n\t<div id=\"ngg-image-1068\" class=\"ngg-gallery-thumbnail-box\"  >\n\t\t<div class=\"ngg-gallery-thumbnail\" >\n\t\t\t<a href=\"https:\/\/blogsaverroes.juntadeandalucia.es\/ceipjosefinaaldecoa\/wp-content\/uploads\/sites\/1530\/nggallery\/dia-del-libro\/IMG-20160504-WA0025.jpg\"\n\t\t\t\ttitle=\" \"\n\t\t\t\tclass=\"ngg-fancybox\" rel=\"e6c0fe862e87bb9f9209afa7819f797e\" data-image-id=\"1068\" data-src=\"https:\/\/blogsaverroes.juntadeandalucia.es\/ceipjosefinaaldecoa\/wp-content\/uploads\/sites\/1530\/nggallery\/dia-del-libro\/IMG-20160504-WA0025.jpg\" data-thumbnail=\"https:\/\/blogsaverroes.juntadeandalucia.es\/ceipjosefinaaldecoa\/wp-content\/uploads\/sites\/1530\/nggallery\/dia-del-libro\/thumbs\/thumbs_IMG-20160504-WA0025.jpg\" data-title=\"IMG-20160504-WA0025\" data-description=\" \" >\n\t\t\t\t\t\t\t\t<img title=\"IMG-20160504-WA0025\" alt=\"IMG-20160504-WA0025\" src=\"https:\/\/blogsaverroes.juntadeandalucia.es\/ceipjosefinaaldecoa\/wp-content\/uploads\/sites\/1530\/nggallery\/dia-del-libro\/thumbs\/thumbs_IMG-20160504-WA0025.jpg\" width='120' height='90' \/>\n\t\t\t\t\t\t\t<\/a>\n\t\t\t<span>\n\t\t\t \t\t\t<\/span>\n\t\t<\/div>\n\t<\/div>\n\t\t\t\t\t\t\t\n\t<div id=\"ngg-image-1071\" class=\"ngg-gallery-thumbnail-box\"  >\n\t\t<div class=\"ngg-gallery-thumbnail\" >\n\t\t\t<a href=\"https:\/\/blogsaverroes.juntadeandalucia.es\/ceipjosefinaaldecoa\/wp-content\/uploads\/sites\/1530\/nggallery\/dia-del-libro\/IMG-20160504-WA0028.jpg\"\n\t\t\t\ttitle=\" \"\n\t\t\t\tclass=\"ngg-fancybox\" rel=\"e6c0fe862e87bb9f9209afa7819f797e\" data-image-id=\"1071\" data-src=\"https:\/\/blogsaverroes.juntadeandalucia.es\/ceipjosefinaaldecoa\/wp-content\/uploads\/sites\/1530\/nggallery\/dia-del-libro\/IMG-20160504-WA0028.jpg\" data-thumbnail=\"https:\/\/blogsaverroes.juntadeandalucia.es\/ceipjosefinaaldecoa\/wp-content\/uploads\/sites\/1530\/nggallery\/dia-del-libro\/thumbs\/thumbs_IMG-20160504-WA0028.jpg\" data-title=\"IMG-20160504-WA0028\" data-description=\" \" >\n\t\t\t\t\t\t\t\t<img title=\"IMG-20160504-WA0028\" alt=\"IMG-20160504-WA0028\" src=\"https:\/\/blogsaverroes.juntadeandalucia.es\/ceipjosefinaaldecoa\/wp-content\/uploads\/sites\/1530\/nggallery\/dia-del-libro\/thumbs\/thumbs_IMG-20160504-WA0028.jpg\" width='120' height='90' \/>\n\t\t\t\t\t\t\t<\/a>\n\t\t\t<span>\n\t\t\t \t\t\t<\/span>\n\t\t<\/div>\n\t<\/div>\n\t\t\t\t\t\t\t\n\t<div id=\"ngg-image-1072\" class=\"ngg-gallery-thumbnail-box\"  >\n\t\t<div class=\"ngg-gallery-thumbnail\" >\n\t\t\t<a href=\"https:\/\/blogsaverroes.juntadeandalucia.es\/ceipjosefinaaldecoa\/wp-content\/uploads\/sites\/1530\/nggallery\/dia-del-libro\/IMG-20160504-WA0029.jpg\"\n\t\t\t\ttitle=\" \"\n\t\t\t\tclass=\"ngg-fancybox\" rel=\"e6c0fe862e87bb9f9209afa7819f797e\" data-image-id=\"1072\" data-src=\"https:\/\/blogsaverroes.juntadeandalucia.es\/ceipjosefinaaldecoa\/wp-content\/uploads\/sites\/1530\/nggallery\/dia-del-libro\/IMG-20160504-WA0029.jpg\" data-thumbnail=\"https:\/\/blogsaverroes.juntadeandalucia.es\/ceipjosefinaaldecoa\/wp-content\/uploads\/sites\/1530\/nggallery\/dia-del-libro\/thumbs\/thumbs_IMG-20160504-WA0029.jpg\" data-title=\"IMG-20160504-WA0029\" data-description=\" \" >\n\t\t\t\t\t\t\t\t<img title=\"IMG-20160504-WA0029\" alt=\"IMG-20160504-WA0029\" src=\"https:\/\/blogsaverroes.juntadeandalucia.es\/ceipjosefinaaldecoa\/wp-content\/uploads\/sites\/1530\/nggallery\/dia-del-libro\/thumbs\/thumbs_IMG-20160504-WA0029.jpg\" width='120' height='90' \/>\n\t\t\t\t\t\t\t<\/a>\n\t\t\t<span>\n\t\t\t \t\t\t<\/span>\n\t\t<\/div>\n\t<\/div>\n\t\t\t\t\t\t\t\n\t<div id=\"ngg-image-1055\" class=\"ngg-gallery-thumbnail-box\"  >\n\t\t<div class=\"ngg-gallery-thumbnail\" >\n\t\t\t<a href=\"https:\/\/blogsaverroes.juntadeandalucia.es\/ceipjosefinaaldecoa\/wp-content\/uploads\/sites\/1530\/nggallery\/dia-del-libro\/DSC_4904.JPG\"\n\t\t\t\ttitle=\" \"\n\t\t\t\tclass=\"ngg-fancybox\" rel=\"e6c0fe862e87bb9f9209afa7819f797e\" data-image-id=\"1055\" data-src=\"https:\/\/blogsaverroes.juntadeandalucia.es\/ceipjosefinaaldecoa\/wp-content\/uploads\/sites\/1530\/nggallery\/dia-del-libro\/DSC_4904.JPG\" data-thumbnail=\"https:\/\/blogsaverroes.juntadeandalucia.es\/ceipjosefinaaldecoa\/wp-content\/uploads\/sites\/1530\/nggallery\/dia-del-libro\/thumbs\/thumbs_DSC_4904.JPG\" data-title=\"DSC_4904\" data-description=\" \" >\n\t\t\t\t\t\t\t\t<img title=\"DSC_4904\" alt=\"DSC_4904\" src=\"https:\/\/blogsaverroes.juntadeandalucia.es\/ceipjosefinaaldecoa\/wp-content\/uploads\/sites\/1530\/nggallery\/dia-del-libro\/thumbs\/thumbs_DSC_4904.JPG\" width='120' height='90' \/>\n\t\t\t\t\t\t\t<\/a>\n\t\t\t<span>\n\t\t\t \t\t\t<\/span>\n\t\t<\/div>\n\t<\/div>\n\t\t\t\t\t\t\t\n\t<div id=\"ngg-image-1056\" class=\"ngg-gallery-thumbnail-box\"  >\n\t\t<div class=\"ngg-gallery-thumbnail\" >\n\t\t\t<a href=\"https:\/\/blogsaverroes.juntadeandalucia.es\/ceipjosefinaaldecoa\/wp-content\/uploads\/sites\/1530\/nggallery\/dia-del-libro\/DSC_4905.JPG\"\n\t\t\t\ttitle=\" \"\n\t\t\t\tclass=\"ngg-fancybox\" rel=\"e6c0fe862e87bb9f9209afa7819f797e\" data-image-id=\"1056\" data-src=\"https:\/\/blogsaverroes.juntadeandalucia.es\/ceipjosefinaaldecoa\/wp-content\/uploads\/sites\/1530\/nggallery\/dia-del-libro\/DSC_4905.JPG\" data-thumbnail=\"https:\/\/blogsaverroes.juntadeandalucia.es\/ceipjosefinaaldecoa\/wp-content\/uploads\/sites\/1530\/nggallery\/dia-del-libro\/thumbs\/thumbs_DSC_4905.JPG\" data-title=\"DSC_4905\" data-description=\" \" >\n\t\t\t\t\t\t\t\t<img title=\"DSC_4905\" alt=\"DSC_4905\" src=\"https:\/\/blogsaverroes.juntadeandalucia.es\/ceipjosefinaaldecoa\/wp-content\/uploads\/sites\/1530\/nggallery\/dia-del-libro\/thumbs\/thumbs_DSC_4905.JPG\" width='120' height='90' \/>\n\t\t\t\t\t\t\t<\/a>\n\t\t\t<span>\n\t\t\t \t\t\t<\/span>\n\t\t<\/div>\n\t<\/div>\n\t\t\t\t\t\t\t\n\t<div id=\"ngg-image-1057\" class=\"ngg-gallery-thumbnail-box\"  >\n\t\t<div class=\"ngg-gallery-thumbnail\" >\n\t\t\t<a href=\"https:\/\/blogsaverroes.juntadeandalucia.es\/ceipjosefinaaldecoa\/wp-content\/uploads\/sites\/1530\/nggallery\/dia-del-libro\/DSC_4906.JPG\"\n\t\t\t\ttitle=\" \"\n\t\t\t\tclass=\"ngg-fancybox\" rel=\"e6c0fe862e87bb9f9209afa7819f797e\" data-image-id=\"1057\" data-src=\"https:\/\/blogsaverroes.juntadeandalucia.es\/ceipjosefinaaldecoa\/wp-content\/uploads\/sites\/1530\/nggallery\/dia-del-libro\/DSC_4906.JPG\" data-thumbnail=\"https:\/\/blogsaverroes.juntadeandalucia.es\/ceipjosefinaaldecoa\/wp-content\/uploads\/sites\/1530\/nggallery\/dia-del-libro\/thumbs\/thumbs_DSC_4906.JPG\" data-title=\"DSC_4906\" data-description=\" \" >\n\t\t\t\t\t\t\t\t<img title=\"DSC_4906\" alt=\"DSC_4906\" src=\"https:\/\/blogsaverroes.juntadeandalucia.es\/ceipjosefinaaldecoa\/wp-content\/uploads\/sites\/1530\/nggallery\/dia-del-libro\/thumbs\/thumbs_DSC_4906.JPG\" width='120' height='90' \/>\n\t\t\t\t\t\t\t<\/a>\n\t\t\t<span>\n\t\t\t \t\t\t<\/span>\n\t\t<\/div>\n\t<\/div>\n\t\t\t\t\t\t\t\n\t<div id=\"ngg-image-1059\" class=\"ngg-gallery-thumbnail-box\"  >\n\t\t<div class=\"ngg-gallery-thumbnail\" >\n\t\t\t<a href=\"https:\/\/blogsaverroes.juntadeandalucia.es\/ceipjosefinaaldecoa\/wp-content\/uploads\/sites\/1530\/nggallery\/dia-del-libro\/IMG-20160407-WA0004.jpg\"\n\t\t\t\ttitle=\" \"\n\t\t\t\tclass=\"ngg-fancybox\" rel=\"e6c0fe862e87bb9f9209afa7819f797e\" data-image-id=\"1059\" data-src=\"https:\/\/blogsaverroes.juntadeandalucia.es\/ceipjosefinaaldecoa\/wp-content\/uploads\/sites\/1530\/nggallery\/dia-del-libro\/IMG-20160407-WA0004.jpg\" data-thumbnail=\"https:\/\/blogsaverroes.juntadeandalucia.es\/ceipjosefinaaldecoa\/wp-content\/uploads\/sites\/1530\/nggallery\/dia-del-libro\/thumbs\/thumbs_IMG-20160407-WA0004.jpg\" data-title=\"IMG-20160407-WA0004\" data-description=\" \" >\n\t\t\t\t\t\t\t\t<img title=\"IMG-20160407-WA0004\" alt=\"IMG-20160407-WA0004\" src=\"https:\/\/blogsaverroes.juntadeandalucia.es\/ceipjosefinaaldecoa\/wp-content\/uploads\/sites\/1530\/nggallery\/dia-del-libro\/thumbs\/thumbs_IMG-20160407-WA0004.jpg\" width='120' height='90' \/>\n\t\t\t\t\t\t\t<\/a>\n\t\t\t<span>\n\t\t\t \t\t\t<\/span>\n\t\t<\/div>\n\t<\/div>\n\t\t\t\t\t\t\t\n\t<div id=\"ngg-image-1073\" class=\"ngg-gallery-thumbnail-box\"  >\n\t\t<div class=\"ngg-gallery-thumbnail\" >\n\t\t\t<a href=\"https:\/\/blogsaverroes.juntadeandalucia.es\/ceipjosefinaaldecoa\/wp-content\/uploads\/sites\/1530\/nggallery\/dia-del-libro\/20160428_131717.jpg\"\n\t\t\t\ttitle=\" \"\n\t\t\t\tclass=\"ngg-fancybox\" rel=\"e6c0fe862e87bb9f9209afa7819f797e\" data-image-id=\"1073\" data-src=\"https:\/\/blogsaverroes.juntadeandalucia.es\/ceipjosefinaaldecoa\/wp-content\/uploads\/sites\/1530\/nggallery\/dia-del-libro\/20160428_131717.jpg\" data-thumbnail=\"https:\/\/blogsaverroes.juntadeandalucia.es\/ceipjosefinaaldecoa\/wp-content\/uploads\/sites\/1530\/nggallery\/dia-del-libro\/thumbs\/thumbs_20160428_131717.jpg\" data-title=\"20160428_131717\" data-description=\" \" >\n\t\t\t\t\t\t\t\t<img title=\"20160428_131717\" alt=\"20160428_131717\" src=\"https:\/\/blogsaverroes.juntadeandalucia.es\/ceipjosefinaaldecoa\/wp-content\/uploads\/sites\/1530\/nggallery\/dia-del-libro\/thumbs\/thumbs_20160428_131717.jpg\" width='120' height='90' \/>\n\t\t\t\t\t\t\t<\/a>\n\t\t\t<span>\n\t\t\t \t\t\t<\/span>\n\t\t<\/div>\n\t<\/div>\n\t\t\t\t\t\t\t\n\t<div id=\"ngg-image-1117\" class=\"ngg-gallery-thumbnail-box\"  >\n\t\t<div class=\"ngg-gallery-thumbnail\" >\n\t\t\t<a href=\"https:\/\/blogsaverroes.juntadeandalucia.es\/ceipjosefinaaldecoa\/wp-content\/uploads\/sites\/1530\/nggallery\/dia-del-libro\/IMG-20160506-WA0029.jpg\"\n\t\t\t\ttitle=\" \"\n\t\t\t\tclass=\"ngg-fancybox\" rel=\"e6c0fe862e87bb9f9209afa7819f797e\" data-image-id=\"1117\" data-src=\"https:\/\/blogsaverroes.juntadeandalucia.es\/ceipjosefinaaldecoa\/wp-content\/uploads\/sites\/1530\/nggallery\/dia-del-libro\/IMG-20160506-WA0029.jpg\" data-thumbnail=\"https:\/\/blogsaverroes.juntadeandalucia.es\/ceipjosefinaaldecoa\/wp-content\/uploads\/sites\/1530\/nggallery\/dia-del-libro\/thumbs\/thumbs_IMG-20160506-WA0029.jpg\" data-title=\"IMG-20160506-WA0029\" data-description=\" \" >\n\t\t\t\t\t\t\t\t<img title=\"IMG-20160506-WA0029\" alt=\"IMG-20160506-WA0029\" src=\"https:\/\/blogsaverroes.juntadeandalucia.es\/ceipjosefinaaldecoa\/wp-content\/uploads\/sites\/1530\/nggallery\/dia-del-libro\/thumbs\/thumbs_IMG-20160506-WA0029.jpg\" width='120' height='90' \/>\n\t\t\t\t\t\t\t<\/a>\n\t\t\t<span>\n\t\t\t \t\t\t<\/span>\n\t\t<\/div>\n\t<\/div>\n\t\t\t\t\t\t\t\n\t<div id=\"ngg-image-1118\" class=\"ngg-gallery-thumbnail-box\"  >\n\t\t<div class=\"ngg-gallery-thumbnail\" >\n\t\t\t<a href=\"https:\/\/blogsaverroes.juntadeandalucia.es\/ceipjosefinaaldecoa\/wp-content\/uploads\/sites\/1530\/nggallery\/dia-del-libro\/IMG-20160506-WA0030.jpg\"\n\t\t\t\ttitle=\" \"\n\t\t\t\tclass=\"ngg-fancybox\" rel=\"e6c0fe862e87bb9f9209afa7819f797e\" data-image-id=\"1118\" data-src=\"https:\/\/blogsaverroes.juntadeandalucia.es\/ceipjosefinaaldecoa\/wp-content\/uploads\/sites\/1530\/nggallery\/dia-del-libro\/IMG-20160506-WA0030.jpg\" data-thumbnail=\"https:\/\/blogsaverroes.juntadeandalucia.es\/ceipjosefinaaldecoa\/wp-content\/uploads\/sites\/1530\/nggallery\/dia-del-libro\/thumbs\/thumbs_IMG-20160506-WA0030.jpg\" data-title=\"IMG-20160506-WA0030\" data-description=\" \" >\n\t\t\t\t\t\t\t\t<img title=\"IMG-20160506-WA0030\" alt=\"IMG-20160506-WA0030\" src=\"https:\/\/blogsaverroes.juntadeandalucia.es\/ceipjosefinaaldecoa\/wp-content\/uploads\/sites\/1530\/nggallery\/dia-del-libro\/thumbs\/thumbs_IMG-20160506-WA0030.jpg\" width='120' height='90' \/>\n\t\t\t\t\t\t\t<\/a>\n\t\t\t<span>\n\t\t\t \t\t\t<\/span>\n\t\t<\/div>\n\t<\/div>\n\t\t\t\t\t\t\t\n\t<!-- Pagination -->\n\t\t<div class='ngg-clear'><\/div>\n<\/div>\n\n\t<\/p>\n<p style=\"text-align: justify\">\n","protected":false},"excerpt":{"rendered":"<p>Como en a\u00f1os anteriores en nuestro centro hemos organizado diversas actividades para la celebraci\u00f3n del d\u00eda del libro. Ademas de las realizadas a nivel de aula durante toda la semana del 18 al 22 de abril los familiares que se han ofrecido&#46;&#46;&#46;<\/p>\n","protected":false},"author":2825,"featured_media":4851,"comment_status":"open","ping_status":"open","sticky":false,"template":"","format":"standard","meta":{"ngg_post_thumbnail":0,"footnotes":""},"categories":[5991,700635],"tags":[304868,32,267],"aioseo_notices":[],"_links":{"self":[{"href":"https:\/\/blogsaverroes.juntadeandalucia.es\/ceipjosefinaaldecoa\/wp-json\/wp\/v2\/posts\/4808"}],"collection":[{"href":"https:\/\/blogsaverroes.juntadeandalucia.es\/ceipjosefinaaldecoa\/wp-json\/wp\/v2\/posts"}],"about":[{"href":"https:\/\/blogsaverroes.juntadeandalucia.es\/ceipjosefinaaldecoa\/wp-json\/wp\/v2\/types\/post"}],"author":[{"embeddable":true,"href":"https:\/\/blogsaverroes.juntadeandalucia.es\/ceipjosefinaaldecoa\/wp-json\/wp\/v2\/users\/2825"}],"replies":[{"embeddable":true,"href":"https:\/\/blogsaverroes.juntadeandalucia.es\/ceipjosefinaaldecoa\/wp-json\/wp\/v2\/comments?post=4808"}],"version-history":[{"count":1,"href":"https:\/\/blogsaverroes.juntadeandalucia.es\/ceipjosefinaaldecoa\/wp-json\/wp\/v2\/posts\/4808\/revisions"}],"predecessor-version":[{"id":4850,"href":"https:\/\/blogsaverroes.juntadeandalucia.es\/ceipjosefinaaldecoa\/wp-json\/wp\/v2\/posts\/4808\/revisions\/4850"}],"wp:featuredmedia":[{"embeddable":true,"href":"https:\/\/blogsaverroes.juntadeandalucia.es\/ceipjosefinaaldecoa\/wp-json\/wp\/v2\/media\/4851"}],"wp:attachment":[{"href":"https:\/\/blogsaverroes.juntadeandalucia.es\/ceipjosefinaaldecoa\/wp-json\/wp\/v2\/media?parent=4808"}],"wp:term":[{"taxonomy":"category","embeddable":true,"href":"https:\/\/blogsaverroes.juntadeandalucia.es\/ceipjosefinaaldecoa\/wp-json\/wp\/v2\/categories?post=4808"},{"taxonomy":"post_tag","embeddable":true,"href":"https:\/\/blogsaverroes.juntadeandalucia.es\/ceipjosefinaaldecoa\/wp-json\/wp\/v2\/tags?post=4808"}],"curies":[{"name":"wp","href":"https:\/\/api.w.org\/{rel}","templated":true}]}}